{"id":40146,"date":"2026-03-18T12:29:49","date_gmt":"2026-03-18T08:29:49","guid":{"rendered":"https:\/\/rubin.az\/?p=40146"},"modified":"2026-03-18T12:29:49","modified_gmt":"2026-03-18T08:29:49","slug":"az%c9%99rbaycanin-23-v%c9%99t%c9%99ndasi-almaniyadan-geri-q%c9%99bul-edilib","status":"publish","type":"post","link":"https:\/\/rubin.az\/?p=40146","title":{"rendered":"Az\u0259rbaycan\u0131n 23 v\u0259t\u0259nda\u015f\u0131 Almaniyadan geri q\u0259bul edilib"},"content":{"rendered":"<p>17 mart 2026-c\u0131 il tarixind\u0259 Az\u0259rbaycan Respublikas\u0131 v\u0259t\u0259nda\u015f\u0131 olan 23 n\u0259f\u0259r \u201cAz\u0259rbaycan Respublikas\u0131 il\u0259 Avropa \u0130ttifaq\u0131 aras\u0131nda icaz\u0259siz ya\u015fayan \u015f\u0259xsl\u0259rin readmissiyas\u0131 haqq\u0131nda\u201d Sazi\u015f \u00e7\u0259r\u00e7iv\u0259sind\u0259 Almaniya Federativ Respublikas\u0131ndan geri q\u0259bul edilib.<\/p>\n<p>Bu bar\u0259d\u0259 <a href=\"https:\/\/apa.az\" class=\"hyperlink\" target=\"_blank\" rel=\"nofollow noopener\">APA<\/a>-ya D\u00f6vl\u0259t Miqrasiya Xidm\u0259tind\u0259n m\u0259lumat verilib.<\/p>\n<p>Qeyd edilib ki, D\u00f6vl\u0259t Miqrasiya Xidm\u0259ti t\u0259r\u0259find\u0259n f\u0259aliyy\u0259ti \u0259laq\u0259l\u0259ndiril\u0259n aidiyy\u0259ti d\u00f6vl\u0259t qurumlar\u0131n\u0131n n\u00fcmay\u0259nd\u0259l\u0259rind\u0259n ibar\u0259t Reinteqrasiya \u00fczr\u0259 \u0130\u015f\u00e7i Qrupu readmissiya olunan Az\u0259rbaycan Respublikas\u0131 v\u0259t\u0259nda\u015flar\u0131n\u0131n \u00fczl\u0259\u015fdikl\u0259ri \u00e7\u0259tinlik v\u0259 probleml\u0259rin operativ h\u0259lli, onlar\u0131n c\u0259miyy\u0259t\u0259 s\u0259m\u0259r\u0259li, dayan\u0131ql\u0131 sosial-iqtisadi reinteqrasiyas\u0131 i\u015finin t\u0259\u015fkili istiqam\u0259tind\u0259 m\u00fcvafiq t\u0259dbirl\u0259r h\u0259yata ke\u00e7irir.<\/p>\n<ul class=\"links_block  mb-site hidden\">\n                                                                    <\/ul>\n","protected":false},"excerpt":{"rendered":"<p>17 mart 2026-c\u0131 il tarixind\u0259 Az\u0259rbaycan Respublikas\u0131 v\u0259t\u0259nda\u015f\u0131 olan 23 n\u0259f\u0259r \u201cAz\u0259rbaycan Respublikas\u0131 il\u0259 Avropa \u0130ttifaq\u0131 aras\u0131nda icaz\u0259siz<\/p>\n","protected":false},"author":2,"featured_media":40147,"comment_status":"","ping_status":"","sticky":false,"template":"","format":"standard","meta":{"footnotes":""},"categories":[1],"tags":[],"class_list":["post-40146","post","type-post","status-publish","format-standard","has-post-thumbnail","hentry","category-xbr-xtti"],"_links":{"self":[{"href":"https:\/\/rubin.az\/index.php?rest_route=\/wp\/v2\/posts\/40146","targetHints":{"allow":["GET"]}}],"collection":[{"href":"https:\/\/rubin.az\/index.php?rest_route=\/wp\/v2\/posts"}],"about":[{"href":"https:\/\/rubin.az\/index.php?rest_route=\/wp\/v2\/types\/post"}],"author":[{"embeddable":true,"href":"https:\/\/rubin.az\/index.php?rest_route=\/wp\/v2\/users\/2"}],"replies":[{"embeddable":true,"href":"https:\/\/rubin.az\/index.php?rest_route=%2Fwp%2Fv2%2Fcomments&post=40146"}],"version-history":[{"count":0,"href":"https:\/\/rubin.az\/index.php?rest_route=\/wp\/v2\/posts\/40146\/revisions"}],"wp:featuredmedia":[{"embeddable":true,"href":"https:\/\/rubin.az\/index.php?rest_route=\/wp\/v2\/media\/40147"}],"wp:attachment":[{"href":"https:\/\/rubin.az\/index.php?rest_route=%2Fwp%2Fv2%2Fmedia&parent=40146"}],"wp:term":[{"taxonomy":"category","embeddable":true,"href":"https:\/\/rubin.az\/index.php?rest_route=%2Fwp%2Fv2%2Fcategories&post=40146"},{"taxonomy":"post_tag","embeddable":true,"href":"https:\/\/rubin.az\/index.php?rest_route=%2Fwp%2Fv2%2Ftags&post=40146"}],"curies":[{"name":"wp","href":"https:\/\/api.w.org\/{rel}","templated":true}]}}