{"id":40140,"date":"2026-03-18T12:29:46","date_gmt":"2026-03-18T08:29:46","guid":{"rendered":"https:\/\/rubin.az\/?p=40140"},"modified":"2026-03-18T12:29:46","modified_gmt":"2026-03-18T08:29:46","slug":"m%c9%99d%c9%99niyy%c9%99t-v%c9%99-inc%c9%99s%c9%99n%c9%99t-sah%c9%99sind%c9%99-t%c9%99hsilver%c9%99nl%c9%99rin-attestasiyasinin-%c9%99sas-m%c9%99qs%c9%99di-aciqlanib","status":"publish","type":"post","link":"https:\/\/rubin.az\/?p=40140","title":{"rendered":"M\u0259d\u0259niyy\u0259t v\u0259 inc\u0259s\u0259n\u0259t sah\u0259sind\u0259 t\u0259hsilver\u0259nl\u0259rin attestasiyas\u0131n\u0131n \u0259sas m\u0259qs\u0259di a\u00e7\u0131qlan\u0131b"},"content":{"rendered":"<p>M\u0259d\u0259niyy\u0259t v\u0259 inc\u0259s\u0259n\u0259t sah\u0259sind\u0259 t\u0259hsilver\u0259nl\u0259rin attestasiyas\u0131n\u0131n \u0259sas m\u0259qs\u0259di a\u00e7\u0131qlan\u0131b.<br \/>\n<a href=\"https:\/\/apa.az\" class=\"hyperlink\" target=\"_blank\" rel=\"nofollow noopener\">APA<\/a> x\u0259b\u0259r verir ki, m\u0259d\u0259niyy\u0259t naziri Adil K\u0259rimli Milli M\u0259clisin Elm v\u0259 t\u0259hsil komit\u0259sinin t\u0259\u015fkil etdiyi \u201c\u0130nc\u0259s\u0259n\u0259t m\u0259kt\u0259bl\u0259rinin m\u00f6vcud v\u0259ziyy\u0259ti v\u0259 inki\u015faf perspektivl\u0259ri\u201d m\u00f6vzusunda ictimai dinl\u0259m\u0259 zaman\u0131 deyib ki, m\u0259d\u0259niyy\u0259t v\u0259 inc\u0259s\u0259n\u0259t sah\u0259sind\u0259 t\u0259hsilver\u0259nl\u0259rin \u0259ks\u0259riyy\u0259ti orta ixtisas t\u0259hsillidir.<br \/>\nNazir qeyd edib ki, h\u0259r alt\u0131 m\u00fc\u0259llimd\u0259n yaln\u0131z biri ali ixtisas t\u0259hsillidir: \u201cBuna g\u00f6r\u0259 d\u0259 attestasiya prosesini icra edirik. G\u0259l\u0259c\u0259k \u00fc\u00e7\u00fcn g\u00f6zl\u0259ntimiz pedaqoji hey\u0259tin 100 faizinin ali t\u0259hsilli olmas\u0131d\u0131r\u201d.<\/p>\n<ul class=\"links_block  mb-site hidden\">\n                                                                    <\/ul>\n","protected":false},"excerpt":{"rendered":"<p>M\u0259d\u0259niyy\u0259t v\u0259 inc\u0259s\u0259n\u0259t sah\u0259sind\u0259 t\u0259hsilver\u0259nl\u0259rin attestasiyas\u0131n\u0131n \u0259sas m\u0259qs\u0259di a\u00e7\u0131qlan\u0131b. APA x\u0259b\u0259r verir ki, m\u0259d\u0259niyy\u0259t naziri Adil K\u0259rimli Milli<\/p>\n","protected":false},"author":2,"featured_media":40141,"comment_status":"","ping_status":"","sticky":false,"template":"","format":"standard","meta":{"footnotes":""},"categories":[1],"tags":[],"class_list":["post-40140","post","type-post","status-publish","format-standard","has-post-thumbnail","hentry","category-xbr-xtti"],"_links":{"self":[{"href":"https:\/\/rubin.az\/index.php?rest_route=\/wp\/v2\/posts\/40140","targetHints":{"allow":["GET"]}}],"collection":[{"href":"https:\/\/rubin.az\/index.php?rest_route=\/wp\/v2\/posts"}],"about":[{"href":"https:\/\/rubin.az\/index.php?rest_route=\/wp\/v2\/types\/post"}],"author":[{"embeddable":true,"href":"https:\/\/rubin.az\/index.php?rest_route=\/wp\/v2\/users\/2"}],"replies":[{"embeddable":true,"href":"https:\/\/rubin.az\/index.php?rest_route=%2Fwp%2Fv2%2Fcomments&post=40140"}],"version-history":[{"count":0,"href":"https:\/\/rubin.az\/index.php?rest_route=\/wp\/v2\/posts\/40140\/revisions"}],"wp:featuredmedia":[{"embeddable":true,"href":"https:\/\/rubin.az\/index.php?rest_route=\/wp\/v2\/media\/40141"}],"wp:attachment":[{"href":"https:\/\/rubin.az\/index.php?rest_route=%2Fwp%2Fv2%2Fmedia&parent=40140"}],"wp:term":[{"taxonomy":"category","embeddable":true,"href":"https:\/\/rubin.az\/index.php?rest_route=%2Fwp%2Fv2%2Fcategories&post=40140"},{"taxonomy":"post_tag","embeddable":true,"href":"https:\/\/rubin.az\/index.php?rest_route=%2Fwp%2Fv2%2Ftags&post=40140"}],"curies":[{"name":"wp","href":"https:\/\/api.w.org\/{rel}","templated":true}]}}