{"id":40138,"date":"2026-03-18T12:29:45","date_gmt":"2026-03-18T08:29:45","guid":{"rendered":"https:\/\/rubin.az\/?p=40138"},"modified":"2026-03-18T12:29:45","modified_gmt":"2026-03-18T08:29:45","slug":"narin-d%c9%99st%c9%99yi-il%c9%99-breyn-rinqin-yeni-movsumun%c9%99-start-verilir","status":"publish","type":"post","link":"https:\/\/rubin.az\/?p=40138","title":{"rendered":"\u201cNar\u201d\u0131n d\u0259st\u0259yi il\u0259 \u201cBreyn Rinq\u201din yeni m\u00f6vs\u00fcm\u00fcn\u0259 start verilir"},"content":{"rendered":"<p><span style=\"font-size:16px\"><span style=\"font-family:Arial,Helvetica,sans-serif\">\u201cNar\u201d\u0131n d\u0259st\u0259yi il\u0259 ke\u00e7iril\u0259n \u201cBreyn Rinq\u201d intellektual yar\u0131\u015f\u0131n\u0131n 27-ci m\u00f6vs\u00fcm\u00fcn\u0259 start verilir. Yeni m\u00f6vs\u00fcmd\u0259 \u00f6lk\u0259nin m\u00fcxt\u0259lif regionlar\u0131n\u0131 v\u0259 ali t\u0259hsil m\u00fc\u0259ssis\u0259l\u0259rini t\u0259msil ed\u0259n komandalar bilikl\u0259rini s\u0131nayacaq. Bel\u0259 ki, 15 region v\u0259 10 universitetd\u0259n \u00fcmumilikd\u0259 26 komanda i\u015ftirak ed\u0259c\u0259k. Yar\u0131\u015f\u0131n yeni m\u00f6vs\u00fcm\u00fcn\u00fcn ilk burax\u0131l\u0131\u015f\u0131n\u0131 22 mart saat 17:00-da \u0130ctimai Televiziyada izl\u0259y\u0259 bil\u0259rsiniz.<\/p>\n<p>Yar\u0131\u015f\u0131n qaydalar\u0131na \u0259sas\u0259n, m\u00f6vs\u00fcm \u0259rzind\u0259 komandalar \u201cNar\u201d Kuboku u\u011frunda m\u00fcbariz\u0259 aparacaqlar. Mart, aprel, may v\u0259 iyun aylar\u0131n\u0131n \u00e7empion komandalar\u0131 is\u0259 m\u00f6vs\u00fcm\u00fcn h\u0259lledici m\u0259rh\u0259l\u0259sin\u0259 v\u0259siq\u0259 qazanacaq. B\u00f6y\u00fck Final oyunu 5 iyul tarixind\u0259 ke\u00e7iril\u0259c\u0259k v\u0259 m\u00f6vs\u00fcm\u00fcn qalibi m\u0259hz bu oyunda m\u00fc\u0259yy\u0259nl\u0259\u015f\u0259c\u0259k.<\/p>\n<p>Qeyd ed\u0259k ki, elm v\u0259 t\u0259hsilin t\u0259\u015fviqi \u201cNar\u201d\u0131n korporativ sosial m\u0259suliyy\u0259t strategiyas\u0131n\u0131n \u0259sas istiqam\u0259tl\u0259rind\u0259n biridir. Mobil operator m\u00fcxt\u0259lif layih\u0259l\u0259r vasit\u0259sil\u0259 g\u0259ncl\u0259rin intellektual inki\u015faf\u0131n\u0131 d\u0259st\u0259kl\u0259yir v\u0259 onlar\u0131n potensial\u0131n\u0131 \u00fcz\u0259 \u00e7\u0131xarma\u011fa t\u00f6hf\u0259 verir. \u201cNar\u201d\u0131n h\u0259yata ke\u00e7irdiyi dig\u0259r sosial layih\u0259l\u0259r haqq\u0131nda daha \u0259trafl\u0131 m\u0259lumat\u0131 <a href=\"https:\/\/www.nar.az\/senin-ucun\/xeberler\/?page=1&amp;category=Layih%C9%99l%C9%99r\" style=\"color:#0563c1; text-decoration:underline\" target=\"_blank\" rel=\"nofollow noopener\">nar.az<\/a> s\u0259hif\u0259sind\u0259n \u0259ld\u0259 etm\u0259k m\u00fcmk\u00fcnd\u00fcr.<\/span><\/span><\/p>\n<p><span style=\"font-size:16px\"><span style=\"font-family:Arial,Helvetica,sans-serif\"><strong>Haz\u0131rda 2,2 milyon abun\u0259\u00e7iy\u0259 xidm\u0259t g\u00f6st\u0259r\u0259n \u201c<\/strong><a href=\"https:\/\/www.nar.az\/\" style=\"color:#0563c1; text-decoration:underline\" target=\"_blank\" rel=\"nofollow noopener\"><strong><span style=\"color:#0563c1\">Nar<\/span><\/strong><\/a><strong>\u201d son 7 il \u0259rzind\u0259 M\u00fc\u015ft\u0259ri Loyall\u0131\u011f\u0131 \u0130ndeksi g\u00f6st\u0259ricisin\u0259 \u0259sas\u0259n Az\u0259rbaycanda lider mobil operatordur. Bu u\u011furun arxas\u0131nda \u201cNar\u201d\u0131n ard\u0131c\u0131l \u015f\u0259kild\u0259 h\u0259yata ke\u00e7irdiyi m\u00fc\u015ft\u0259riy\u00f6n\u00fcml\u00fc strategiya dayan\u0131r. Mobil operator istifad\u0259\u00e7il\u0259rin\u0259 s\u0259rf\u0259li qiym\u0259t qar\u015f\u0131l\u0131\u011f\u0131nda dayan\u0131ql\u0131 v\u0259 y\u00fcks\u0259kkeyfiyy\u0259tli rabit\u0259 xidm\u0259tl\u0259ri, m\u00fcxt\u0259lif <\/strong><a href=\"https:\/\/www.nar.az\/senin-ucun\/internet-paketleri\/\" style=\"color:#0563c1; text-decoration:underline\" target=\"_blank\" rel=\"nofollow noopener\"><strong><span style=\"color:#0563c1\">internet paketl\u0259ri<\/span><\/strong><\/a><strong> v\u0259 m\u00fcasir <\/strong><a href=\"https:\/\/esim.nar.az\/az\/\" style=\"color:#0563c1; text-decoration:underline\" target=\"_blank\" rel=\"nofollow noopener\"><strong><span style=\"color:#0563c1\">eSim<\/span><\/strong><\/a><strong> texnologiyas\u0131 t\u0259qdim edir.<\/strong><\/span><\/span><\/p>\n<ul class=\"links_block  mb-site hidden\">\n                                                                    <\/ul>\n","protected":false},"excerpt":{"rendered":"<p>\u201cNar\u201d\u0131n d\u0259st\u0259yi il\u0259 ke\u00e7iril\u0259n \u201cBreyn Rinq\u201d intellektual yar\u0131\u015f\u0131n\u0131n 27-ci m\u00f6vs\u00fcm\u00fcn\u0259 start verilir. Yeni m\u00f6vs\u00fcmd\u0259 \u00f6lk\u0259nin m\u00fcxt\u0259lif regionlar\u0131n\u0131 v\u0259<\/p>\n","protected":false},"author":2,"featured_media":40139,"comment_status":"","ping_status":"","sticky":false,"template":"","format":"standard","meta":{"footnotes":""},"categories":[1],"tags":[],"class_list":["post-40138","post","type-post","status-publish","format-standard","has-post-thumbnail","hentry","category-xbr-xtti"],"_links":{"self":[{"href":"https:\/\/rubin.az\/index.php?rest_route=\/wp\/v2\/posts\/40138","targetHints":{"allow":["GET"]}}],"collection":[{"href":"https:\/\/rubin.az\/index.php?rest_route=\/wp\/v2\/posts"}],"about":[{"href":"https:\/\/rubin.az\/index.php?rest_route=\/wp\/v2\/types\/post"}],"author":[{"embeddable":true,"href":"https:\/\/rubin.az\/index.php?rest_route=\/wp\/v2\/users\/2"}],"replies":[{"embeddable":true,"href":"https:\/\/rubin.az\/index.php?rest_route=%2Fwp%2Fv2%2Fcomments&post=40138"}],"version-history":[{"count":0,"href":"https:\/\/rubin.az\/index.php?rest_route=\/wp\/v2\/posts\/40138\/revisions"}],"wp:featuredmedia":[{"embeddable":true,"href":"https:\/\/rubin.az\/index.php?rest_route=\/wp\/v2\/media\/40139"}],"wp:attachment":[{"href":"https:\/\/rubin.az\/index.php?rest_route=%2Fwp%2Fv2%2Fmedia&parent=40138"}],"wp:term":[{"taxonomy":"category","embeddable":true,"href":"https:\/\/rubin.az\/index.php?rest_route=%2Fwp%2Fv2%2Fcategories&post=40138"},{"taxonomy":"post_tag","embeddable":true,"href":"https:\/\/rubin.az\/index.php?rest_route=%2Fwp%2Fv2%2Ftags&post=40138"}],"curies":[{"name":"wp","href":"https:\/\/api.w.org\/{rel}","templated":true}]}}