{"id":40109,"date":"2026-03-15T13:18:15","date_gmt":"2026-03-15T09:18:15","guid":{"rendered":"https:\/\/rubin.az\/?p=40109"},"modified":"2026-03-15T13:18:15","modified_gmt":"2026-03-15T09:18:15","slug":"qazaxistanda-referendumda-secici-f%c9%99alligi-1921-faiz%c9%99-catib","status":"publish","type":"post","link":"https:\/\/rubin.az\/?p=40109","title":{"rendered":"Qazax\u0131standa referendumda se\u00e7ici f\u0259all\u0131\u011f\u0131 19,21 faiz\u0259 \u00e7at\u0131b"},"content":{"rendered":"<p><span style=\"font-size:12pt\"><span style='font-family:\"Times New Roman\"'><span style=\"font-family:Tahoma\">Qazax\u0131standa yeni Konstitusiya layih\u0259si \u00fczr\u0259 ke\u00e7iril\u0259n \u00fcmumxalq <a href=\"https:\/\/apa.az\/mdb-olkeleri\/qazaxistanda-referendumla-elaqedar-sesverme-baslayib-947951\" target=\"_blank\" rel=\"nofollow noopener\">referendumunda<\/a> s\u0259sverm\u0259nin ilk \u00fc\u00e7 saat\u0131 \u0259rzind\u0259 se\u00e7ici f\u0259all\u0131\u011f\u0131 19,21 faiz t\u0259\u015fkil edib.<\/span><\/span><\/span><\/p>\n<p><span style=\"font-size:12pt\"><span style='font-family:\"Times New Roman\"'><span style=\"font-family:Tahoma\"><a href=\"https:\/\/apa.az\" class=\"hyperlink\" target=\"_blank\" rel=\"nofollow noopener\">APA<\/a>-n\u0131n Astanaya ezam olunmu\u015f \u0259m\u0259kda\u015f\u0131n\u0131n verdiyi x\u0259b\u0259r\u0259 g\u00f6r\u0259, bu bar\u0259d\u0259 Qazax\u0131stan\u0131n M\u0259rk\u0259zi Referendum Komissiyas\u0131 m\u0259lumat yay\u0131b.<\/span><\/span><\/span><\/p>\n<p><span style=\"font-size:12pt\"><span style='font-family:\"Times New Roman\"'><span style=\"font-family:Tahoma\">Bildirilib ki, yerli vaxtla saat 10:00-a olan ilkin n\u0259tic\u0259l\u0259r\u0259 \u0259sas\u0259n se\u00e7ici siyah\u0131lar\u0131na daxil edilmi\u015f v\u0259t\u0259nda\u015flar\u0131n 19,21 faizi art\u0131q s\u0259sverm\u0259d\u0259 i\u015ftirak edib.<\/span><\/span><\/span><\/p>\n<p><span style=\"font-size:12pt\"><span style='font-family:\"Times New Roman\"'><span style=\"font-family:Tahoma\">M\u0259rk\u0259zi Referendum Komissiyas\u0131n\u0131n \u00fczv\u00fc Lyazzat Suindik brifinqd\u0259 bildirib ki, saat 10:00-a q\u0259d\u0259r 2 milyon 393 min 844 n\u0259f\u0259r se\u00e7ki b\u00fclletenini alaraq s\u0259sverm\u0259d\u0259 i\u015ftirak edib.<\/span><\/span><\/span><\/p>\n<p><span style=\"font-size:12pt\"><span style='font-family:\"Times New Roman\"'><span style=\"font-family:Tahoma\">Qeyd edilib ki, \u00fcmumilikd\u0259 \u00f6lk\u0259 \u00fczr\u0259 12 milyon 461 min 796 v\u0259t\u0259nda\u015f referendumda s\u0259sverm\u0259 h\u00fcququna malikdir.<\/span><\/span><\/span><\/p>\n<p><span style=\"font-size:12pt\"><span style='font-family:\"Times New Roman\"'><span style=\"font-family:Tahoma\">Komissiya n\u00f6vb\u0259ti se\u00e7ici f\u0259all\u0131\u011f\u0131 bar\u0259d\u0259 m\u0259lumat\u0131n yerli vaxtla saat 12:00-da a\u00e7\u0131qlanaca\u011f\u0131n\u0131 bildirib.<\/span><\/span><\/span><\/p>\n<p><span style=\"font-size:12pt\"><span style='font-family:\"Times New Roman\"'><span style=\"font-family:Tahoma\">Xat\u0131rladaq ki, mart\u0131n 15-d\u0259 Qazax\u0131standa yeni Konstitusiya layih\u0259si \u00fczr\u0259 \u00fcmumxalq referendumu ba\u015flay\u0131b.<\/span><\/span><\/span><\/p>\n<p><span style=\"font-size:12pt\"><span style='font-family:\"Times New Roman\"'><span style=\"font-family:Tahoma\">Qazax\u0131stan Prezidenti Kas\u0131m Jomart Tokayev fevral\u0131n 11-d\u0259 imzalad\u0131\u011f\u0131 f\u0259rmanla referendumun mart\u0131n 15-d\u0259 ke\u00e7irilm\u0259sini t\u0259yin edib.<\/span><\/span><\/span><\/p>\n<p><span style=\"font-size:12pt\"><span style='font-family:\"Times New Roman\"'><span style=\"font-family:Tahoma\">Konstitusiya islahatlar\u0131n\u0131n ba\u015flan\u011f\u0131c\u0131 Tokayevin 2025-ci il sentyabr\u0131n 8-d\u0259 xalqa illik m\u00fcraci\u0259ti zaman\u0131 Qazax\u0131standa birpalatal\u0131 parlament yarad\u0131lmas\u0131 t\u0259\u015f\u0259bb\u00fcs\u00fc il\u0259 qoyulub. Bu t\u0259\u015f\u0259bb\u00fcs \u00f6lk\u0259d\u0259 d\u00f6vl\u0259t idar\u0259etm\u0259 sisteminin modernl\u0259\u015fdirilm\u0259si m\u0259qs\u0259dil\u0259 ir\u0259li s\u00fcr\u00fcl\u0259n konstitusiya d\u0259yi\u015fiklikl\u0259rinin \u0259sas\u0131n\u0131 t\u0259\u015fkil edir.<\/span><\/span><\/span><\/p>\n<ul class=\"links_block  mb-site hidden\">\n                                                                    <\/ul>\n","protected":false},"excerpt":{"rendered":"<p>Qazax\u0131standa yeni Konstitusiya layih\u0259si \u00fczr\u0259 ke\u00e7iril\u0259n \u00fcmumxalq referendumunda s\u0259sverm\u0259nin ilk \u00fc\u00e7 saat\u0131 \u0259rzind\u0259 se\u00e7ici f\u0259all\u0131\u011f\u0131 19,21 faiz t\u0259\u015fkil<\/p>\n","protected":false},"author":2,"featured_media":40110,"comment_status":"","ping_status":"","sticky":false,"template":"","format":"standard","meta":{"footnotes":""},"categories":[1],"tags":[],"class_list":["post-40109","post","type-post","status-publish","format-standard","has-post-thumbnail","hentry","category-xbr-xtti"],"_links":{"self":[{"href":"https:\/\/rubin.az\/index.php?rest_route=\/wp\/v2\/posts\/40109","targetHints":{"allow":["GET"]}}],"collection":[{"href":"https:\/\/rubin.az\/index.php?rest_route=\/wp\/v2\/posts"}],"about":[{"href":"https:\/\/rubin.az\/index.php?rest_route=\/wp\/v2\/types\/post"}],"author":[{"embeddable":true,"href":"https:\/\/rubin.az\/index.php?rest_route=\/wp\/v2\/users\/2"}],"replies":[{"embeddable":true,"href":"https:\/\/rubin.az\/index.php?rest_route=%2Fwp%2Fv2%2Fcomments&post=40109"}],"version-history":[{"count":0,"href":"https:\/\/rubin.az\/index.php?rest_route=\/wp\/v2\/posts\/40109\/revisions"}],"wp:featuredmedia":[{"embeddable":true,"href":"https:\/\/rubin.az\/index.php?rest_route=\/wp\/v2\/media\/40110"}],"wp:attachment":[{"href":"https:\/\/rubin.az\/index.php?rest_route=%2Fwp%2Fv2%2Fmedia&parent=40109"}],"wp:term":[{"taxonomy":"category","embeddable":true,"href":"https:\/\/rubin.az\/index.php?rest_route=%2Fwp%2Fv2%2Fcategories&post=40109"},{"taxonomy":"post_tag","embeddable":true,"href":"https:\/\/rubin.az\/index.php?rest_route=%2Fwp%2Fv2%2Ftags&post=40109"}],"curies":[{"name":"wp","href":"https:\/\/api.w.org\/{rel}","templated":true}]}}