{"id":40101,"date":"2026-03-15T13:18:10","date_gmt":"2026-03-15T09:18:10","guid":{"rendered":"https:\/\/rubin.az\/?p=40101"},"modified":"2026-03-15T13:18:10","modified_gmt":"2026-03-15T09:18:10","slug":"sabah-yagis-yagacaq","status":"publish","type":"post","link":"https:\/\/rubin.az\/?p=40101","title":{"rendered":"Sabah ya\u011f\u0131\u015f ya\u011facaq"},"content":{"rendered":"<p>Mart\u0131n 16-da Bak\u0131da v\u0259 Ab\u015feron yar\u0131madas\u0131nda hava \u015f\u0259raitinin d\u0259yi\u015fk\u0259n buludlu olaca\u011f\u0131, arabir tutulaca\u011f\u0131 g\u00f6zl\u0259nilir.<\/p>\n<p>Milli Hidrometeorologiya Xidm\u0259tind\u0259n <a href=\"https:\/\/apa.az\" class=\"hyperlink\" target=\"_blank\" rel=\"nofollow noopener\">APA<\/a>-ya veril\u0259n x\u0259b\u0259r\u0259 g\u00f6r\u0259, gec\u0259 v\u0259 s\u0259h\u0259r b\u0259zi yerl\u0259rd\u0259 ya\u011f\u0131\u015f ya\u011faca\u011f\u0131 ehtimal\u0131 var.<\/p>\n<p><strong>Bak\u0131da v\u0259 Ab\u015feron yar\u0131madas\u0131nda \u015fimal-q\u0259rb k\u00fcl\u0259yi il\u0259 \u0259v\u0259z olunacaq<\/strong><\/p>\n<p>C\u0259nub-q\u0259rb k\u00fcl\u0259yi ax\u015fam m\u00fclayim \u015fimal-q\u0259rb k\u00fcl\u0259yi il\u0259 \u0259v\u0259z olunacaq. Havan\u0131n temperaturu gec\u0259 4-6\u00b0 isti, g\u00fcnd\u00fcz 10-15\u00b0 isti olacaq. Atmosfer t\u0259zyiqi 759 mm civ\u0259 s\u00fctunundan 755 mm civ\u0259 s\u00fctununa en\u0259c\u0259k. Nisbi r\u00fctub\u0259t gec\u0259 80-85 %, g\u00fcnd\u00fcz 60-70 % olacaq.<\/p>\n<p><strong>Da\u011fl\u0131q \u0259razil\u0259rd\u0259 qar ya\u011faca\u011f\u0131 g\u00f6zl\u0259nilir<\/strong><\/p>\n<p>Sabah Az\u0259rbaycan\u0131n rayonlar\u0131nda hava \u015f\u0259raiti b\u0259zi yerl\u0259rd\u0259 arabir ya\u011f\u0131nt\u0131l\u0131 olaca\u011f\u0131, da\u011fl\u0131q \u0259razil\u0259rd\u0259 qar ya\u011faca\u011f\u0131 g\u00f6zl\u0259nilir. Ayr\u0131-ayr\u0131 yerl\u0259rd\u0259 q\u0131sam\u00fcdd\u0259tli intensivl\u0259\u015f\u0259c\u0259yi, \u015fim\u015f\u0259k \u00e7axaca\u011f\u0131, d\u00fc\u015f\u0259c\u0259yi ehtimal\u0131 var. Arabir duman olacaq. Q\u0259rb k\u00fcl\u0259yi b\u0259zi yerl\u0259rd\u0259 arabir g\u00fccl\u0259n\u0259c\u0259k.<\/p>\n<p>Havan\u0131n temperaturu gec\u0259 2-7\u00b0 isti, g\u00fcnd\u00fcz 10-15\u00b0 isti, da\u011flarda gec\u0259 2-7\u00b0 \u015faxta, g\u00fcnd\u00fcz 0-5\u00b0 isti olacaq.<\/p>\n<ul class=\"links_block  mb-site hidden\">\n                                                                    <\/ul>\n","protected":false},"excerpt":{"rendered":"<p>Mart\u0131n 16-da Bak\u0131da v\u0259 Ab\u015feron yar\u0131madas\u0131nda hava \u015f\u0259raitinin d\u0259yi\u015fk\u0259n buludlu olaca\u011f\u0131, arabir tutulaca\u011f\u0131 g\u00f6zl\u0259nilir. Milli Hidrometeorologiya Xidm\u0259tind\u0259n APA-ya<\/p>\n","protected":false},"author":2,"featured_media":40102,"comment_status":"","ping_status":"","sticky":false,"template":"","format":"standard","meta":{"footnotes":""},"categories":[1],"tags":[],"class_list":["post-40101","post","type-post","status-publish","format-standard","has-post-thumbnail","hentry","category-xbr-xtti"],"_links":{"self":[{"href":"https:\/\/rubin.az\/index.php?rest_route=\/wp\/v2\/posts\/40101","targetHints":{"allow":["GET"]}}],"collection":[{"href":"https:\/\/rubin.az\/index.php?rest_route=\/wp\/v2\/posts"}],"about":[{"href":"https:\/\/rubin.az\/index.php?rest_route=\/wp\/v2\/types\/post"}],"author":[{"embeddable":true,"href":"https:\/\/rubin.az\/index.php?rest_route=\/wp\/v2\/users\/2"}],"replies":[{"embeddable":true,"href":"https:\/\/rubin.az\/index.php?rest_route=%2Fwp%2Fv2%2Fcomments&post=40101"}],"version-history":[{"count":0,"href":"https:\/\/rubin.az\/index.php?rest_route=\/wp\/v2\/posts\/40101\/revisions"}],"wp:featuredmedia":[{"embeddable":true,"href":"https:\/\/rubin.az\/index.php?rest_route=\/wp\/v2\/media\/40102"}],"wp:attachment":[{"href":"https:\/\/rubin.az\/index.php?rest_route=%2Fwp%2Fv2%2Fmedia&parent=40101"}],"wp:term":[{"taxonomy":"category","embeddable":true,"href":"https:\/\/rubin.az\/index.php?rest_route=%2Fwp%2Fv2%2Fcategories&post=40101"},{"taxonomy":"post_tag","embeddable":true,"href":"https:\/\/rubin.az\/index.php?rest_route=%2Fwp%2Fv2%2Ftags&post=40101"}],"curies":[{"name":"wp","href":"https:\/\/api.w.org\/{rel}","templated":true}]}}