{"id":40086,"date":"2026-03-09T10:10:51","date_gmt":"2026-03-09T06:10:51","guid":{"rendered":"https:\/\/rubin.az\/?p=40086"},"modified":"2026-03-09T10:10:51","modified_gmt":"2026-03-09T06:10:51","slug":"tramp-irana-qarsi-%c9%99m%c9%99liyyatin-n%c9%99-vaxt-basa-catacagina-netanyahu-il%c9%99-birg%c9%99-q%c9%99rar-ver%c9%99c%c9%99yik","status":"publish","type":"post","link":"https:\/\/rubin.az\/?p=40086","title":{"rendered":"Tramp: \u0130rana qar\u015f\u0131 \u0259m\u0259liyyat\u0131n n\u0259 vaxt ba\u015fa \u00e7ataca\u011f\u0131na Netanyahu il\u0259 birg\u0259 q\u0259rar ver\u0259c\u0259yik"},"content":{"rendered":"<p><span style=\"font-size:11pt\"><span style=\"font-family:Calibri,sans-serif\"><span style=\"font-size:14.0pt\"><span style='font-family:\"Times New Roman\",serif'>AB\u015e prezidenti Donald Tramp \u0130rana qar\u015f\u0131 h\u0259rbi \u0259m\u0259liyyat\u0131n n\u0259 vaxt ba\u015fa \u00e7ataca\u011f\u0131na \u0130srailin ba\u015f naziri Benyamin Netanyahu il\u0259 birg\u0259 q\u0259rar ver\u0259c\u0259kl\u0259rrini a\u00e7\u0131qlay\u0131b.<\/span><\/span><\/span><\/span><\/p>\n<p><span style=\"font-size:11pt\"><span style=\"font-family:Calibri,sans-serif\"><span style=\"font-size:14.0pt\"><span style='font-family:\"Times New Roman\",serif'><a href=\"https:\/\/apa.az\" class=\"hyperlink\" target=\"_blank\" rel=\"nofollow noopener\">APA<\/a> x\u0259b\u0259r verir ki, Tramp bu bar\u0259d\u0259 &#8220;The Times of Israel&#8221; q\u0259zetin\u0259 verdiyi m\u00fcsahib\u0259d\u0259 dan\u0131\u015f\u0131b. <\/span><\/span><\/span><\/span><\/p>\n<p><span style=\"font-size:11pt\"><span style=\"font-family:Calibri,sans-serif\"><span style=\"font-size:14.0pt\"><span style='font-family:\"Times New Roman\",serif'>&#8220;D\u00fc\u015f\u00fcn\u00fcr\u0259m ki, bu, birg\u0259 q\u0259rard\u0131r. \u00c7ox da vacib deyil. M\u0259n q\u0259rar\u0131 uy\u011fun vaxtda ver\u0259c\u0259y\u0259m, amma h\u0259r \u015fey n\u0259z\u0259r\u0259 al\u0131nacaq&#8221;, &#8211; Tramp deyib. <\/span><\/span><\/span><\/span><\/p>\n<ul class=\"links_block  mb-site hidden\">\n                                                                    <\/ul>\n","protected":false},"excerpt":{"rendered":"<p>AB\u015e prezidenti Donald Tramp \u0130rana qar\u015f\u0131 h\u0259rbi \u0259m\u0259liyyat\u0131n n\u0259 vaxt ba\u015fa \u00e7ataca\u011f\u0131na \u0130srailin ba\u015f naziri Benyamin Netanyahu il\u0259<\/p>\n","protected":false},"author":2,"featured_media":40087,"comment_status":"","ping_status":"","sticky":false,"template":"","format":"standard","meta":{"footnotes":""},"categories":[1],"tags":[],"class_list":["post-40086","post","type-post","status-publish","format-standard","has-post-thumbnail","hentry","category-xbr-xtti"],"_links":{"self":[{"href":"https:\/\/rubin.az\/index.php?rest_route=\/wp\/v2\/posts\/40086","targetHints":{"allow":["GET"]}}],"collection":[{"href":"https:\/\/rubin.az\/index.php?rest_route=\/wp\/v2\/posts"}],"about":[{"href":"https:\/\/rubin.az\/index.php?rest_route=\/wp\/v2\/types\/post"}],"author":[{"embeddable":true,"href":"https:\/\/rubin.az\/index.php?rest_route=\/wp\/v2\/users\/2"}],"replies":[{"embeddable":true,"href":"https:\/\/rubin.az\/index.php?rest_route=%2Fwp%2Fv2%2Fcomments&post=40086"}],"version-history":[{"count":0,"href":"https:\/\/rubin.az\/index.php?rest_route=\/wp\/v2\/posts\/40086\/revisions"}],"wp:featuredmedia":[{"embeddable":true,"href":"https:\/\/rubin.az\/index.php?rest_route=\/wp\/v2\/media\/40087"}],"wp:attachment":[{"href":"https:\/\/rubin.az\/index.php?rest_route=%2Fwp%2Fv2%2Fmedia&parent=40086"}],"wp:term":[{"taxonomy":"category","embeddable":true,"href":"https:\/\/rubin.az\/index.php?rest_route=%2Fwp%2Fv2%2Fcategories&post=40086"},{"taxonomy":"post_tag","embeddable":true,"href":"https:\/\/rubin.az\/index.php?rest_route=%2Fwp%2Fv2%2Ftags&post=40086"}],"curies":[{"name":"wp","href":"https:\/\/api.w.org\/{rel}","templated":true}]}}