{"id":40082,"date":"2026-03-09T10:10:48","date_gmt":"2026-03-09T06:10:48","guid":{"rendered":"https:\/\/rubin.az\/?p=40082"},"modified":"2026-03-09T10:10:48","modified_gmt":"2026-03-09T06:10:48","slug":"uitkoff-v%c9%99-kusner-10-martda-israild%c9%99-netanyahu-il%c9%99-gorus%c9%99c%c9%99k","status":"publish","type":"post","link":"https:\/\/rubin.az\/?p=40082","title":{"rendered":"Uitkoff v\u0259 Ku\u015fner 10 martda \u0130sraild\u0259 Netanyahu il\u0259 g\u00f6r\u00fc\u015f\u0259c\u0259k"},"content":{"rendered":"<p><span style=\"font-size:11pt\"><span style=\"font-family:Calibri,sans-serif\"><span style=\"font-size:14.0pt\"><span style='font-family:\"Times New Roman\",serif'>AB\u015e Prezidentinin x\u00fcsusi n\u00fcmay\u0259nd\u0259si Stiv Uitkoff v\u0259 Donald Tramp\u0131n k\u00fcr\u0259k\u0259ni Cared Ku\u015fnerin 10 martda \u0130sraild\u0259 Ba\u015f nazir Benyamin Netanyahu il\u0259 g\u00f6r\u00fc\u015f\u00fc planla\u015fd\u0131r\u0131l\u0131r. <\/span><\/span><\/span><\/span><\/p>\n<p><span style=\"font-size:11pt\"><span style=\"font-family:Calibri,sans-serif\"><span style=\"font-size:14.0pt\"><span style='font-family:\"Times New Roman\",serif'><a href=\"https:\/\/apa.az\" class=\"hyperlink\" target=\"_blank\" rel=\"nofollow noopener\">APA<\/a> x\u0259b\u0259r verir ki, bu bar\u0259d\u0259 \u201cAxios\u201dun v\u0259 \u0130srail televiziyas\u0131n\u0131n 12-ci kanal\u0131n\u0131n m\u00fcxbiri Barak Ravid AB\u015e r\u0259smisin\u0259 istinad\u0259n m\u0259lumat verib.<\/span><\/span><\/span><\/span><\/p>\n<p><span style=\"font-size:11pt\"><span style=\"font-family:Calibri,sans-serif\"><span style=\"font-size:14.0pt\"><span style='font-family:\"Times New Roman\",serif'>Ad\u0131 a\u00e7\u0131qlanmayan r\u0259smi Uitkoff v\u0259 Ku\u015fnerin \u00e7\u0259r\u015f\u0259nb\u0259 ax\u015fam\u0131 \u0130srail\u0259 s\u0259f\u0259r etm\u0259yi v\u0259 Netanyahu il\u0259 g\u00f6r\u00fc\u015fm\u0259yi planla\u015fd\u0131rd\u0131qlar\u0131n\u0131 bildirib. <\/span><\/span><\/span><\/span><\/p>\n<ul class=\"links_block  mb-site hidden\">\n                                                                    <\/ul>\n","protected":false},"excerpt":{"rendered":"<p>AB\u015e Prezidentinin x\u00fcsusi n\u00fcmay\u0259nd\u0259si Stiv Uitkoff v\u0259 Donald Tramp\u0131n k\u00fcr\u0259k\u0259ni Cared Ku\u015fnerin 10 martda \u0130sraild\u0259 Ba\u015f nazir Benyamin<\/p>\n","protected":false},"author":2,"featured_media":40083,"comment_status":"","ping_status":"","sticky":false,"template":"","format":"standard","meta":{"footnotes":""},"categories":[1],"tags":[],"class_list":["post-40082","post","type-post","status-publish","format-standard","has-post-thumbnail","hentry","category-xbr-xtti"],"_links":{"self":[{"href":"https:\/\/rubin.az\/index.php?rest_route=\/wp\/v2\/posts\/40082","targetHints":{"allow":["GET"]}}],"collection":[{"href":"https:\/\/rubin.az\/index.php?rest_route=\/wp\/v2\/posts"}],"about":[{"href":"https:\/\/rubin.az\/index.php?rest_route=\/wp\/v2\/types\/post"}],"author":[{"embeddable":true,"href":"https:\/\/rubin.az\/index.php?rest_route=\/wp\/v2\/users\/2"}],"replies":[{"embeddable":true,"href":"https:\/\/rubin.az\/index.php?rest_route=%2Fwp%2Fv2%2Fcomments&post=40082"}],"version-history":[{"count":0,"href":"https:\/\/rubin.az\/index.php?rest_route=\/wp\/v2\/posts\/40082\/revisions"}],"wp:featuredmedia":[{"embeddable":true,"href":"https:\/\/rubin.az\/index.php?rest_route=\/wp\/v2\/media\/40083"}],"wp:attachment":[{"href":"https:\/\/rubin.az\/index.php?rest_route=%2Fwp%2Fv2%2Fmedia&parent=40082"}],"wp:term":[{"taxonomy":"category","embeddable":true,"href":"https:\/\/rubin.az\/index.php?rest_route=%2Fwp%2Fv2%2Fcategories&post=40082"},{"taxonomy":"post_tag","embeddable":true,"href":"https:\/\/rubin.az\/index.php?rest_route=%2Fwp%2Fv2%2Ftags&post=40082"}],"curies":[{"name":"wp","href":"https:\/\/api.w.org\/{rel}","templated":true}]}}