{"id":39824,"date":"2026-01-22T20:06:35","date_gmt":"2026-01-22T16:06:35","guid":{"rendered":"https:\/\/rubin.az\/?p=39824"},"modified":"2026-01-22T20:06:35","modified_gmt":"2026-01-22T16:06:35","slug":"sahib%c9%99-qafarova-nato-bas-katibinin-muavini-il%c9%99-gorusub","status":"publish","type":"post","link":"https:\/\/rubin.az\/?p=39824","title":{"rendered":"Sahib\u0259 Qafarova NATO Ba\u015f katibinin m\u00fcavini il\u0259 g\u00f6r\u00fc\u015f\u00fcb"},"content":{"rendered":"<p><img decoding=\"async\" src=\"https:\/\/apa.az\/storage\/news\/2026\/january\/22\/resize\/697249e407e05697249e407e061769097700697249e407e03697249e407e04.jfif\" \/><\/p>\n<div itemprop=\"articleBody\">\n<p>Yanvar\u0131n 22-d\u0259 Milli M\u0259clisin s\u0259dri Sahib\u0259 Qafarova NATO Ba\u015f katibinin m\u00fcavini Radmila \u015eekerinskan\u0131n ba\u015f\u00e7\u0131l\u0131q etdiyi n\u00fcmay\u0259nd\u0259 hey\u0259ti il\u0259 g\u00f6r\u00fc\u015f\u00fcb.<\/p>\n<p><a href=\"https:\/\/apa.az\" class=\"hyperlink\" target=\"_blank\">APA<\/a> x\u0259b\u0259r verir ki, bu bar\u0259d\u0259 Milli M\u0259clisin M\u0259tbuat v\u0259 ictimaiyy\u0259tl\u0259 \u0259laq\u0259l\u0259r \u015f\u00f6b\u0259sind\u0259n bildirilib.<br \/>&#13;<br \/>\nG\u00f6r\u00fc\u015fd\u0259 Az\u0259rbaycanla NATO aras\u0131nda 30 ild\u0259n art\u0131q m\u00fcdd\u0259td\u0259 davam ed\u0259n \u0259m\u0259kda\u015fl\u0131q vur\u011fulanaraq, Alyans\u0131n beyn\u0259lxalq s\u00fclh\u00fcn v\u0259 t\u0259hl\u00fck\u0259sizliyin t\u0259min olunmas\u0131nda oynad\u0131\u011f\u0131 rol y\u00fcks\u0259k qiym\u0259tl\u0259ndirilib.<br \/>&#13;<br \/>\nS\u00f6hb\u0259t zaman\u0131, t\u0259r\u0259fl\u0259r aras\u0131nda m\u00f6vcud davaml\u0131 v\u0259 m\u0259zmunlu siyasi dialoqun \u0259h\u0259miyy\u0259ti vur\u011fulanaraq, bildirilib ki, Prezident \u0130lham \u018fliyevin NATO m\u0259nzil-q\u0259rargah\u0131na s\u0259f\u0259rl\u0259ri, NATO-nun sabiq Ba\u015f katibi Yens Stoltenberqin 2024-c\u00fc ild\u0259 Az\u0259rbaycana s\u0259f\u0259ri, apar\u0131lan dan\u0131\u015f\u0131qlar v\u0259 m\u00fcnt\u0259z\u0259m t\u0259maslar t\u0259r\u0259fda\u015fl\u0131\u011fa yeni dinamika g\u0259tirib v\u0259 bu add\u0131mlar siyasi dialoqun intensivliyinin g\u00f6st\u0259ricisi kimi qiym\u0259tl\u0259ndirilib. Az\u0259rbaycan\u0131n NATO \u00fc\u00e7\u00fcn etibarl\u0131 v\u0259 \u00f6hd\u0259likl\u0259rin\u0259 sadiq t\u0259r\u0259fda\u015f oldu\u011fu qeyd edil\u0259r\u0259k, \u00f6lk\u0259mizin Alyans\u0131n \u018ffqan\u0131standak\u0131 s\u00fclhm\u0259raml\u0131 \u0259m\u0259liyyatlarda f\u0259aliyy\u0259ti, regional n\u0259qliyyat-logistika m\u0259rk\u0259zi kimi \u0259h\u0259miyy\u0259ti vur\u011fulan\u0131b.<br \/>&#13;<br \/>\nG\u00f6r\u00fc\u015fd\u0259 daha sonra Az\u0259rbaycan\u0131n Alyans\u0131n enerji t\u0259hl\u00fck\u0259sizliyin\u0259 verdiyi t\u00f6hf\u0259 diqq\u0259t\u0259 \u00e7atd\u0131r\u0131laraq, bildirilib ki, \u00f6lk\u0259miz haz\u0131rda NATO \u00fczv\u00fc olan 10 d\u00f6vl\u0259t\u0259 v\u0259 2 t\u0259r\u0259fda\u015f \u00f6lk\u0259y\u0259 t\u0259bii qaz t\u0259dar\u00fck edir ki, bu da enerji t\u0259hl\u00fck\u0259sizliyinin milli t\u0259hl\u00fck\u0259sizliyin ayr\u0131lmaz hiss\u0259sin\u0259 \u00e7evrildiyi bir d\u00f6vrd\u0259 x\u00fcsusi \u0259h\u0259miyy\u0259t k\u0259sb edir. Spiker h\u0259m\u00e7inin Az\u0259rbaycan\u0131n Orta D\u0259hlizd\u0259 m\u00fch\u00fcm tranzit rolunu vur\u011fulayaraq, bunun regionda sabitliy\u0259 v\u0259 \u0259m\u0259kda\u015fl\u0131\u011fa m\u00fch\u00fcm t\u00f6hf\u0259 verdiyini qeyd edib.<br \/>&#13;<br \/>\nSahib\u0259 Qafarova Az\u0259rbaycan v\u0259 Erm\u0259nistan aras\u0131nda s\u00fclh prosesin\u0259 toxunaraq, Prezident \u0130lham \u018fliyevin r\u0259hb\u0259rliyi il\u0259 \u00f6lk\u0259mizin \u00f6z suverenliyini b\u0259rpa ed\u0259r\u0259k, b\u00f6lg\u0259d\u0259 yeni reall\u0131qlar yaratd\u0131\u011f\u0131n\u0131 bildirib.<\/p>\n<p>Qeyd olunub ki, m\u0259hz Az\u0259rbaycan s\u00fclh t\u0259\u015f\u0259bb\u00fcs\u00fc il\u0259 \u00e7\u0131x\u0131\u015f edib, Va\u015finqton Sammitind\u0259n sonra Erm\u0259nistanla \u0259m\u0259kda\u015fl\u0131\u011f\u0131n ir\u0259lil\u0259dilm\u0259si \u00fczr\u0259 ard\u0131c\u0131l v\u0259 praktik add\u0131mlar at\u0131b.<br \/>&#13;<br \/>\nNATO Ba\u015f katibinin m\u00fcavini Radmila \u015eekerinska Alyans\u0131n Az\u0259rbaycanla m\u00fcnasib\u0259tl\u0259rin inki\u015faf\u0131na x\u00fcsusi \u00f6n\u0259m verdiyini v\u0259 t\u0259r\u0259fl\u0259r aras\u0131ndak\u0131 s\u0131x siyasi dialoqu y\u00fcks\u0259k qiym\u0259tl\u0259ndirdiyini bildir\u0259r\u0259k, bu m\u00fcnasib\u0259tl\u0259rin yeni T\u0259r\u0259fda\u015fl\u0131q Proqram\u0131 \u00e7\u0259r\u00e7iv\u0259sind\u0259 daha da d\u0259rinl\u0259\u015f\u0259c\u0259yin\u0259 \u0259minliyini ifad\u0259 edib. O, Az\u0259rbaycan\u0131n NATO il\u0259 \u0259m\u0259kda\u015fl\u0131\u011fa v\u0259 Alyans\u0131n \u00fczv \u00f6lk\u0259l\u0259rinin enerji t\u0259hl\u00fck\u0259sizliyinin t\u0259minin olunmas\u0131 istiqam\u0259tind\u0259 verdiyi m\u00fch\u00fcm t\u00f6hf\u0259l\u0259r\u0259 g\u00f6r\u0259 t\u0259\u015f\u0259kk\u00fcr\u00fcn\u00fc \u00e7atd\u0131r\u0131b v\u0259 t\u0259r\u0259fda\u015fl\u0131\u011f\u0131n g\u0259l\u0259c\u0259kd\u0259 d\u0259 u\u011furla davam ed\u0259c\u0259yini vur\u011fulay\u0131b.<br \/>&#13;<br \/>\nBa\u015f katibin m\u00fcavini Az\u0259rbaycan v\u0259 Erm\u0259nistan aras\u0131nda s\u00fclh v\u0259 m\u00fcnasib\u0259tl\u0259rin normalla\u015fd\u0131r\u0131lmas\u0131 \u00fczr\u0259 proses il\u0259 ba\u011fl\u0131 t\u0259brikl\u0259rini \u00e7atd\u0131r\u0131b.<br \/>&#13;<br \/>\nS\u00f6hb\u0259td\u0259 Milli M\u0259clisl\u0259 NATO Parlament Assambleyas\u0131 aras\u0131nda \u0259laq\u0259l\u0259rin \u0259h\u0259miyy\u0259ti qeyd olunub, g\u0259l\u0259c\u0259k \u0259m\u0259kda\u015fl\u0131q perspektivl\u0259ri n\u0259z\u0259rd\u0259n ke\u00e7irilib.<\/p>\n<\/p><\/div>\n","protected":false},"excerpt":{"rendered":"<p>Yanvar\u0131n 22-d\u0259 Milli M\u0259clisin s\u0259dri Sahib\u0259 Qafarova NATO Ba\u015f katibinin m\u00fcavini Radmila \u015eekerinskan\u0131n ba\u015f\u00e7\u0131l\u0131q etdiyi n\u00fcmay\u0259nd\u0259 hey\u0259ti il\u0259<\/p>\n","protected":false},"author":1,"featured_media":39825,"comment_status":"","ping_status":"","sticky":false,"template":"","format":"standard","meta":{"footnotes":""},"categories":[18],"tags":[],"class_list":["post-39824","post","type-post","status-publish","format-standard","has-post-thumbnail","hentry","category-gundm"],"_links":{"self":[{"href":"https:\/\/rubin.az\/index.php?rest_route=\/wp\/v2\/posts\/39824","targetHints":{"allow":["GET"]}}],"collection":[{"href":"https:\/\/rubin.az\/index.php?rest_route=\/wp\/v2\/posts"}],"about":[{"href":"https:\/\/rubin.az\/index.php?rest_route=\/wp\/v2\/types\/post"}],"author":[{"embeddable":true,"href":"https:\/\/rubin.az\/index.php?rest_route=\/wp\/v2\/users\/1"}],"replies":[{"embeddable":true,"href":"https:\/\/rubin.az\/index.php?rest_route=%2Fwp%2Fv2%2Fcomments&post=39824"}],"version-history":[{"count":0,"href":"https:\/\/rubin.az\/index.php?rest_route=\/wp\/v2\/posts\/39824\/revisions"}],"wp:featuredmedia":[{"embeddable":true,"href":"https:\/\/rubin.az\/index.php?rest_route=\/wp\/v2\/media\/39825"}],"wp:attachment":[{"href":"https:\/\/rubin.az\/index.php?rest_route=%2Fwp%2Fv2%2Fmedia&parent=39824"}],"wp:term":[{"taxonomy":"category","embeddable":true,"href":"https:\/\/rubin.az\/index.php?rest_route=%2Fwp%2Fv2%2Fcategories&post=39824"},{"taxonomy":"post_tag","embeddable":true,"href":"https:\/\/rubin.az\/index.php?rest_route=%2Fwp%2Fv2%2Ftags&post=39824"}],"curies":[{"name":"wp","href":"https:\/\/api.w.org\/{rel}","templated":true}]}}