{"id":39818,"date":"2026-01-22T17:02:41","date_gmt":"2026-01-22T13:02:41","guid":{"rendered":"https:\/\/rubin.az\/?p=39818"},"modified":"2026-01-22T17:02:41","modified_gmt":"2026-01-22T13:02:41","slug":"qizil-qubb%c9%99nin-bir-qismi-qrenlandiyada-olacaq","status":"publish","type":"post","link":"https:\/\/rubin.az\/?p=39818","title":{"rendered":"&#8220;Q\u0131z\u0131l Q\u00fcbb\u0259&#8221;nin bir qismi Qrenlandiyada olacaq"},"content":{"rendered":"<p><img decoding=\"async\" src=\"https:\/\/apa.az\/storage\/news\/2026\/january\/22\/resize\/69721dd24a24a69721dd24a24b176908641869721dd24a24869721dd24a249.jpg\" \/><\/p>\n<div itemprop=\"articleBody\">\n<p><span style=\"font-size:12pt\"><span style=\"font-family:Calibri,sans-serif\"><span style=\"background-color:white\"><span style=\"font-family:&quot;Tahoma&quot;,sans-serif\"><span style=\"color:#0f1419\">\u201cQ\u0131z\u0131l Q\u00fcbb\u0259\u201d raketd\u0259n m\u00fcdafi\u0259 sisteminin bir hiss\u0259si Qrenlandiyada olacaq.<\/span><\/span><\/span><\/span><\/span><\/p>\n<p><span style=\"font-size:12pt\"><span style=\"font-family:Calibri,sans-serif\"><span style=\"background-color:white\"><span style=\"font-family:&quot;Tahoma&quot;,sans-serif\"><span style=\"color:#0f1419\"><a href=\"https:\/\/apa.az\" class=\"hyperlink\" target=\"_blank\">APA<\/a> x\u0259b\u0259r verir ki, bunu AB\u015e Prezidenti Donald Tramp Davosda \u201cFox News<\/span><\/span><\/span><span style=\"background-color:white\"><span style=\"font-family:&quot;Tahoma&quot;,sans-serif\"><span style=\"color:#0f1419\">\u201da a\u00e7\u0131qlamas\u0131nda deyib.<\/span><\/span><\/span><\/span><\/span><\/p>\n<p><span style=\"font-size:12pt\"><span style=\"font-family:Calibri,sans-serif\"><span style=\"background-color:white\"><span style=\"font-family:&quot;Tahoma&quot;,sans-serif\"><span style=\"color:#0f1419\">\u201cB\u00fct\u00fcn raketl\u0259r Qrenlandiyan\u0131n \u00fcz\u0259rind\u0259n g\u0259l\u0259c\u0259k. Pis adamlar at\u0259\u015f a\u00e7ma\u011fa ba\u015flasalar, Qrenlandiyan\u0131n \u00fcz\u0259rind\u0259n g\u0259l\u0259c\u0259k. Biz bu raketl\u0259ri endirm\u0259liyik\u201d<\/span><\/span><\/span><span style=\"background-color:white\"><span style=\"font-family:&quot;Tahoma&quot;,sans-serif\"><span style=\"color:#0f1419\">, &#8211; <\/span><\/span><\/span><span style=\"background-color:white\"><span style=\"font-family:&quot;Tahoma&quot;,sans-serif\"><span style=\"color:#0f1419\">Tramp bildirib.<\/span><\/span><\/span><\/span><\/span><\/p>\n<p><span style=\"font-size:12pt\"><span style=\"font-family:Calibri,sans-serif\"><span style=\"background-color:white\"><span style=\"font-family:&quot;Tahoma&quot;,sans-serif\"><span style=\"color:#0f1419\">O \u0259lav\u0259 edib ki, AB\u015e Qrenlandiyaya tam \u00e7\u0131x\u0131\u015f \u0259ld\u0259 etm\u0259k \u00fc\u00e7\u00fcn dan\u0131\u015f\u0131qlar apar\u0131r.<\/span><\/span><\/span><\/span><\/span><\/p>\n<p><span style=\"font-size:12pt\"><span style=\"font-family:Calibri,sans-serif\"><span style=\"background-color:white\"><span style=\"font-family:&quot;Tahoma&quot;,sans-serif\"><span style=\"color:#0f1419\">Qeyd ed\u0259k ki, \u201cQ\u0131z\u0131l Q\u00fcbb\u0259\u201d AB\u015e-\u0131n planla\u015fd\u0131rd\u0131\u011f\u0131 \u00e7oxt\u0259b\u0259q\u0259li raketd\u0259n m\u00fcdafi\u0259 sistemidir.<\/span><\/span><\/span><\/span><\/span><\/p>\n<\/p><\/div>\n","protected":false},"excerpt":{"rendered":"<p>\u201cQ\u0131z\u0131l Q\u00fcbb\u0259\u201d raketd\u0259n m\u00fcdafi\u0259 sisteminin bir hiss\u0259si Qrenlandiyada olacaq. APA x\u0259b\u0259r verir ki, bunu AB\u015e Prezidenti Donald Tramp<\/p>\n","protected":false},"author":1,"featured_media":39819,"comment_status":"","ping_status":"","sticky":false,"template":"","format":"standard","meta":{"footnotes":""},"categories":[18],"tags":[],"class_list":["post-39818","post","type-post","status-publish","format-standard","has-post-thumbnail","hentry","category-gundm"],"_links":{"self":[{"href":"https:\/\/rubin.az\/index.php?rest_route=\/wp\/v2\/posts\/39818","targetHints":{"allow":["GET"]}}],"collection":[{"href":"https:\/\/rubin.az\/index.php?rest_route=\/wp\/v2\/posts"}],"about":[{"href":"https:\/\/rubin.az\/index.php?rest_route=\/wp\/v2\/types\/post"}],"author":[{"embeddable":true,"href":"https:\/\/rubin.az\/index.php?rest_route=\/wp\/v2\/users\/1"}],"replies":[{"embeddable":true,"href":"https:\/\/rubin.az\/index.php?rest_route=%2Fwp%2Fv2%2Fcomments&post=39818"}],"version-history":[{"count":0,"href":"https:\/\/rubin.az\/index.php?rest_route=\/wp\/v2\/posts\/39818\/revisions"}],"wp:featuredmedia":[{"embeddable":true,"href":"https:\/\/rubin.az\/index.php?rest_route=\/wp\/v2\/media\/39819"}],"wp:attachment":[{"href":"https:\/\/rubin.az\/index.php?rest_route=%2Fwp%2Fv2%2Fmedia&parent=39818"}],"wp:term":[{"taxonomy":"category","embeddable":true,"href":"https:\/\/rubin.az\/index.php?rest_route=%2Fwp%2Fv2%2Fcategories&post=39818"},{"taxonomy":"post_tag","embeddable":true,"href":"https:\/\/rubin.az\/index.php?rest_route=%2Fwp%2Fv2%2Ftags&post=39818"}],"curies":[{"name":"wp","href":"https:\/\/api.w.org\/{rel}","templated":true}]}}