{"id":39811,"date":"2026-01-22T14:07:42","date_gmt":"2026-01-22T10:07:42","guid":{"rendered":"http:\/\/rubin.az\/?p=39811"},"modified":"2026-01-22T14:07:42","modified_gmt":"2026-01-22T10:07:42","slug":"az%c9%99rbaycanla-erm%c9%99nistan-arasinda-ticar%c9%99t%c9%99-gor%c9%99-gurcustan-funksiyasini-itirm%c9%99y%c9%99c%c9%99k","status":"publish","type":"post","link":"https:\/\/rubin.az\/?p=39811","title":{"rendered":"Az\u0259rbaycanla Erm\u0259nistan aras\u0131nda ticar\u0259t\u0259 g\u00f6r\u0259 G\u00fcrc\u00fcstan funksiyas\u0131n\u0131 itirm\u0259y\u0259c\u0259k"},"content":{"rendered":"<p><img decoding=\"async\" src=\"https:\/\/apa.az\/storage\/news\/2026\/january\/22\/resize\/6971f6c61c06a6971f6c61c06b17690764226971f6c61c0686971f6c61c069.jpeg\" \/><\/p>\n<div itemprop=\"articleBody\">\n<p>Az\u0259rbaycanla Erm\u0259nistan aras\u0131nda s\u00fclh\u00fcn b\u0259rq\u0259rar olmas\u0131 v\u0259 ticar\u0259t \u0259laq\u0259l\u0259rinin qurulmas\u0131 il\u0259 G\u00fcrc\u00fcstan h\u0259r hans\u0131 bir funksiyas\u0131n\u0131 itirm\u0259y\u0259c\u0259k.<\/p>\n<p><a href=\"https:\/\/apa.az\" class=\"hyperlink\" target=\"_blank\">APA<\/a>-n\u0131n yerli b\u00fcrosu x\u0259b\u0259r verir ki, bunu G\u00fcrc\u00fcstan parlamentinin Regional siyas\u0259t v\u0259 \u00f6z\u00fcn\u00fcidar\u0259etm\u0259 komit\u0259sinin s\u0259dri \u0130rakli Kadaqi\u015fvili jurnalistl\u0259r\u0259 a\u00e7\u0131qlamas\u0131nda deyib.<\/p>\n<p>Onun s\u00f6zl\u0259rin\u0259 g\u00f6r\u0259, Az\u0259rbaycan v\u0259 Erm\u0259nistan aras\u0131nda s\u00fclh\u00fcn qurulmas\u0131 C\u0259nubi Qafqaz\u0131 g\u00fccl\u00fc inki\u015faf etmi\u015f b\u00f6lg\u0259y\u0259 \u00e7evirm\u0259y\u0259 imkan ver\u0259c\u0259k.<\/p>\n<p>\u201cErm\u0259nistan v\u0259 Az\u0259rbaycan aras\u0131nda 35 illik m\u00fcharib\u0259 ba\u015fa \u00e7at\u0131b. S\u00fclh \u0259lb\u0259tt\u0259 ki, ticar\u0259t, logistika v\u0259 n\u0259qliyyat \u00fc\u00e7\u00fcn yeni imkanlar yarad\u0131b\u201d, &#8211; Kadaqi\u015fvili \u0259lav\u0259 edib.<\/p>\n<\/p><\/div>\n","protected":false},"excerpt":{"rendered":"<p>Az\u0259rbaycanla Erm\u0259nistan aras\u0131nda s\u00fclh\u00fcn b\u0259rq\u0259rar olmas\u0131 v\u0259 ticar\u0259t \u0259laq\u0259l\u0259rinin qurulmas\u0131 il\u0259 G\u00fcrc\u00fcstan h\u0259r hans\u0131 bir funksiyas\u0131n\u0131 itirm\u0259y\u0259c\u0259k. APA-n\u0131n<\/p>\n","protected":false},"author":1,"featured_media":39812,"comment_status":"","ping_status":"","sticky":false,"template":"","format":"standard","meta":{"footnotes":""},"categories":[18],"tags":[],"class_list":["post-39811","post","type-post","status-publish","format-standard","has-post-thumbnail","hentry","category-gundm"],"_links":{"self":[{"href":"https:\/\/rubin.az\/index.php?rest_route=\/wp\/v2\/posts\/39811","targetHints":{"allow":["GET"]}}],"collection":[{"href":"https:\/\/rubin.az\/index.php?rest_route=\/wp\/v2\/posts"}],"about":[{"href":"https:\/\/rubin.az\/index.php?rest_route=\/wp\/v2\/types\/post"}],"author":[{"embeddable":true,"href":"https:\/\/rubin.az\/index.php?rest_route=\/wp\/v2\/users\/1"}],"replies":[{"embeddable":true,"href":"https:\/\/rubin.az\/index.php?rest_route=%2Fwp%2Fv2%2Fcomments&post=39811"}],"version-history":[{"count":0,"href":"https:\/\/rubin.az\/index.php?rest_route=\/wp\/v2\/posts\/39811\/revisions"}],"wp:featuredmedia":[{"embeddable":true,"href":"https:\/\/rubin.az\/index.php?rest_route=\/wp\/v2\/media\/39812"}],"wp:attachment":[{"href":"https:\/\/rubin.az\/index.php?rest_route=%2Fwp%2Fv2%2Fmedia&parent=39811"}],"wp:term":[{"taxonomy":"category","embeddable":true,"href":"https:\/\/rubin.az\/index.php?rest_route=%2Fwp%2Fv2%2Fcategories&post=39811"},{"taxonomy":"post_tag","embeddable":true,"href":"https:\/\/rubin.az\/index.php?rest_route=%2Fwp%2Fv2%2Ftags&post=39811"}],"curies":[{"name":"wp","href":"https:\/\/api.w.org\/{rel}","templated":true}]}}