{"id":39809,"date":"2026-01-22T13:06:34","date_gmt":"2026-01-22T09:06:34","guid":{"rendered":"http:\/\/rubin.az\/?p=39809"},"modified":"2026-01-22T13:06:34","modified_gmt":"2026-01-22T09:06:34","slug":"ai-abs-in-yeni-tarifl%c9%99rin%c9%99-q%c9%99tiyy%c9%99tli-cavab-ver%c9%99c%c9%99k","status":"publish","type":"post","link":"https:\/\/rubin.az\/?p=39809","title":{"rendered":"A\u0130 AB\u015e-\u0131n yeni tarifl\u0259rin\u0259 q\u0259tiyy\u0259tli cavab ver\u0259c\u0259k"},"content":{"rendered":"<p><img decoding=\"async\" src=\"https:\/\/apa.az\/storage\/news\/2026\/january\/22\/resize\/6971e611bdd0a6971e611bdd0b17690721456971e611bdd086971e611bdd09.jpg\" \/><\/p>\n<div itemprop=\"articleBody\">\n<p><span style=\"font-size:11pt\"><span style=\"font-family:Calibri,sans-serif\"><span style=\"font-size:14.0pt\"><span style=\"font-family:&quot;Tahoma&quot;,sans-serif\">Avropa \u0130ttifaq\u0131 AB\u015e-\u0131n yeni tarifl\u0259rin\u0259 cavab\u0131 q\u0259tiyy\u0259tli olacaq.<\/span><\/span><\/span><\/span><\/p>\n<p><span style=\"font-size:11pt\"><span style=\"font-family:Calibri,sans-serif\"><span style=\"font-size:14.0pt\"><span style=\"font-family:&quot;Tahoma&quot;,sans-serif\"><a href=\"https:\/\/apa.az\" class=\"hyperlink\" target=\"_blank\">APA<\/a> x\u0259b\u0259r verir ki, bunu Almaniya kansleri Fridrix Merts Davos D\u00fcnya \u0130qtisadi Forumunda \u00e7\u0131x\u0131\u015f\u0131nda deyib.<\/span><\/span><\/span><\/span><\/p>\n<p><span style=\"font-size:11pt\"><span style=\"font-family:Calibri,sans-serif\"><span style=\"font-size:14.0pt\"><span style=\"font-family:&quot;Tahoma&quot;,sans-serif\">\u201cAvropa \u0259razisinin g\u00fcc yolu il\u0259 al\u0131nmas\u0131 q\u0259buledilm\u0259zdir. Yeni tarifl\u0259r Transatlantik \u00f6lk\u0259l\u0259rin \u0259sas\u0131n\u0131 sars\u0131dacaq. Avropa \u0130ttifaq\u0131n\u0131n bu tarifl\u0259r\u0259 cavab\u0131 m\u00fc\u015ft\u0259r\u0259k, q\u0259tiyy\u0259tli v\u0259 hesablanm\u0131\u015f olacaq\u201d, &#8211; Fridrix Merts x\u0259b\u0259rdarl\u0131q edib.<\/span><\/span><\/span><\/span><\/p>\n<p><span style=\"font-size:11pt\"><span style=\"font-family:Calibri,sans-serif\"><span style=\"font-size:14.0pt\"><span style=\"font-family:&quot;Tahoma&quot;,sans-serif\">Almaniya kansleri Qrenlandiya il\u0259 ba\u011fl\u0131 planla\u015fd\u0131r\u0131lan \u00e7\u0259r\u00e7iv\u0259 raz\u0131la\u015fmas\u0131n\u0131 alq\u0131\u015flay\u0131b v\u0259 bunu &#8220;d\u00fczg\u00fcn yol&#8221; adland\u0131r\u0131b.<\/span><\/span><\/span><\/span><\/p>\n<p><span style=\"font-size:11pt\"><span style=\"font-family:Calibri,sans-serif\"><span style=\"font-size:14.0pt\"><span style=\"font-family:&quot;Tahoma&quot;,sans-serif\">Qeyd ed\u0259k ki, AB\u015e prezidenti Donald Tramp Qrenlandiyan\u0131n AB\u015e \u0259razisin\u0259 birl\u0259\u015fdiril\u0259c\u0259yini d\u0259f\u0259l\u0259rl\u0259 vur\u011fulay\u0131b.<\/span><\/span><\/span><\/span><\/p>\n<p><span style=\"font-size:11pt\"><span style=\"font-family:Calibri,sans-serif\"><span style=\"font-size:14.0pt\"><span style=\"font-family:&quot;Tahoma&quot;,sans-serif\">Qrenlandiya \u00fczr\u0259 \u00e7\u0259r\u00e7iv\u0259 sazi\u015fi d\u00fcn\u0259n NATO Ba\u015f katibi Mark Rutte v\u0259 AB\u015e prezidenti Donald Tramp t\u0259r\u0259find\u0259n raz\u0131la\u015fd\u0131r\u0131l\u0131b.<\/span><\/span><\/span><\/span><\/p>\n<p><span style=\"font-size:11pt\"><span style=\"font-family:Calibri,sans-serif\"><span style=\"font-size:14.0pt\"><span style=\"font-family:&quot;Tahoma&quot;,sans-serif\">Avropan\u0131n bununla raz\u0131la\u015fmayaca\u011f\u0131 t\u0259qdird\u0259 is\u0259 A\u0130 \u00f6lk\u0259l\u0259rin\u0259 yeni iqtisadi tarifl\u0259r t\u0259tbiq ed\u0259c\u0259yini bildirib.<\/span><\/span><\/span><\/span><\/p>\n<\/p><\/div>\n","protected":false},"excerpt":{"rendered":"<p>Avropa \u0130ttifaq\u0131 AB\u015e-\u0131n yeni tarifl\u0259rin\u0259 cavab\u0131 q\u0259tiyy\u0259tli olacaq. APA x\u0259b\u0259r verir ki, bunu Almaniya kansleri Fridrix Merts Davos<\/p>\n","protected":false},"author":1,"featured_media":39810,"comment_status":"","ping_status":"","sticky":false,"template":"","format":"standard","meta":{"footnotes":""},"categories":[18],"tags":[],"class_list":["post-39809","post","type-post","status-publish","format-standard","has-post-thumbnail","hentry","category-gundm"],"_links":{"self":[{"href":"https:\/\/rubin.az\/index.php?rest_route=\/wp\/v2\/posts\/39809","targetHints":{"allow":["GET"]}}],"collection":[{"href":"https:\/\/rubin.az\/index.php?rest_route=\/wp\/v2\/posts"}],"about":[{"href":"https:\/\/rubin.az\/index.php?rest_route=\/wp\/v2\/types\/post"}],"author":[{"embeddable":true,"href":"https:\/\/rubin.az\/index.php?rest_route=\/wp\/v2\/users\/1"}],"replies":[{"embeddable":true,"href":"https:\/\/rubin.az\/index.php?rest_route=%2Fwp%2Fv2%2Fcomments&post=39809"}],"version-history":[{"count":0,"href":"https:\/\/rubin.az\/index.php?rest_route=\/wp\/v2\/posts\/39809\/revisions"}],"wp:featuredmedia":[{"embeddable":true,"href":"https:\/\/rubin.az\/index.php?rest_route=\/wp\/v2\/media\/39810"}],"wp:attachment":[{"href":"https:\/\/rubin.az\/index.php?rest_route=%2Fwp%2Fv2%2Fmedia&parent=39809"}],"wp:term":[{"taxonomy":"category","embeddable":true,"href":"https:\/\/rubin.az\/index.php?rest_route=%2Fwp%2Fv2%2Fcategories&post=39809"},{"taxonomy":"post_tag","embeddable":true,"href":"https:\/\/rubin.az\/index.php?rest_route=%2Fwp%2Fv2%2Ftags&post=39809"}],"curies":[{"name":"wp","href":"https:\/\/api.w.org\/{rel}","templated":true}]}}