{"id":39801,"date":"2026-01-22T09:02:01","date_gmt":"2026-01-22T05:02:01","guid":{"rendered":"https:\/\/rubin.az\/?p=39801"},"modified":"2026-01-22T09:02:01","modified_gmt":"2026-01-22T05:02:01","slug":"sosial-mudafi%c9%99y%c9%99-xususi-ehtiyaci-olanlarin-t%c9%99hsil-haqqini-dovl%c9%99tin-od%c9%99y%c9%99c%c9%99yi-hallar-konkretl%c9%99sir","status":"publish","type":"post","link":"https:\/\/rubin.az\/?p=39801","title":{"rendered":"Sosial m\u00fcdafi\u0259y\u0259 x\u00fcsusi ehtiyac\u0131 olanlar\u0131n t\u0259hsil haqq\u0131n\u0131 d\u00f6vl\u0259tin \u00f6d\u0259y\u0259c\u0259yi hallar konkretl\u0259\u015fir"},"content":{"rendered":"<p><img decoding=\"async\" src=\"https:\/\/apa.az\/storage\/news\/2026\/january\/21\/resize\/697108a550da0697108a550da11769015461788d1728cc0b863bcd91e29ad0b2be5b.jpg\" \/><\/p>\n<div itemprop=\"articleBody\">\n<p><span style=\"font-size:12pt\"><span style=\"font-family:&quot;Times New Roman&quot;\"><span style=\"font-family:Tahoma\">Sosial m\u00fcdafi\u0259y\u0259 x\u00fcsusi ehtiyac\u0131 olan \u015f\u0259xsl\u0259rin \u00f6d\u0259ni\u015fli \u0259saslarla t\u0259hsil ald\u0131qlar\u0131 m\u00fcdd\u0259td\u0259 t\u0259hsil haqq\u0131n\u0131n d\u00f6vl\u0259t b\u00fcdc\u0259si v\u0259saiti hesab\u0131na \u00f6d\u0259nil\u0259c\u0259yi hallar konkretl\u0259\u015fir.<\/span><\/span><\/span><\/p>\n<p><span style=\"font-size:12pt\"><span style=\"font-family:&quot;Times New Roman&quot;\"><span style=\"font-family:Tahoma\"><a href=\"https:\/\/apa.az\" class=\"hyperlink\" target=\"_blank\">APA<\/a>-n\u0131n x\u0259b\u0259rin\u0259 g\u00f6r\u0259, bu, Milli M\u0259clisin Elm v\u0259 t\u0259hsil komit\u0259sinin bu g\u00fcn ke\u00e7iril\u0259n iclas\u0131nda m\u00fczakir\u0259y\u0259 \u00e7\u0131xar\u0131lan \u201cT\u0259hsil haqq\u0131nda\u201d qanuna t\u0259klif edil\u0259n d\u0259yi\u015fiklikd\u0259 \u0259ksini tap\u0131b. <\/span><\/span><\/span><\/p>\n<p><span style=\"font-size:12pt\"><span style=\"font-family:&quot;Times New Roman&quot;\"><span style=\"font-family:Tahoma\">Haz\u0131rda q\u00fcvv\u0259d\u0259 olan \u201cT\u0259hsil haqq\u0131nda\u201d qanuna g\u00f6r\u0259, sosial m\u00fcdafi\u0259y\u0259 x\u00fcsusi ehtiyac\u0131 olan \u015f\u0259xsl\u0259rin t\u0259hsil m\u00fc\u0259ssis\u0259l\u0259rind\u0259 \u00f6d\u0259ni\u015fli \u0259saslarla t\u0259hsil ald\u0131qlar\u0131 m\u00fcdd\u0259td\u0259 t\u0259hsil haqq\u0131 d\u00f6vl\u0259t b\u00fcdc\u0259sinin v\u0259saiti hesab\u0131na \u00f6d\u0259nilm\u0259lidir.<\/span><\/span><\/span><\/p>\n<p><span style=\"font-size:12pt\"><span style=\"font-family:&quot;Times New Roman&quot;\"><span style=\"font-family:Tahoma\">Layih\u0259y\u0259 \u0259sas\u0259n, sosial m\u00fcdafi\u0259y\u0259 x\u00fcsusi ehtiyac\u0131 olan \u015f\u0259xsl\u0259rin yaln\u0131z Az\u0259rbaycan Respublikas\u0131n\u0131n t\u0259hsil m\u00fc\u0259ssis\u0259l\u0259rind\u0259 \u00f6d\u0259ni\u015fli \u0259saslarla t\u0259hsil ald\u0131qlar\u0131 m\u00fcdd\u0259td\u0259 t\u0259hsil haqq\u0131 d\u00f6vl\u0259t b\u00fcdc\u0259sinin v\u0259saiti hesab\u0131na \u00f6d\u0259nil\u0259c\u0259k. Bu halda \u0259lav\u0259 t\u0259hsil istisna olacaq. Ba\u015fqa s\u00f6zl\u0259, sosial m\u00fcdafi\u0259y\u0259 x\u00fcsusi ehtiyac\u0131 olan \u015f\u0259xsl\u0259rin \u00f6d\u0259ni\u015fli \u0259saslarla t\u0259hsil ald\u0131qlar\u0131 m\u00fcdd\u0259td\u0259 t\u0259hsil haqq\u0131 d\u00f6vl\u0259t b\u00fcdc\u0259sinin v\u0259saiti hesab\u0131na \u00f6d\u0259nilm\u0259y\u0259c\u0259k. <\/span><\/span><\/span><\/p>\n<p><span style=\"font-size:12pt\"><span style=\"font-family:&quot;Times New Roman&quot;\"><span style=\"font-family:Tahoma\">Sosial m\u00fcdafi\u0259y\u0259 x\u00fcsusi ehtiyac\u0131 olan \u015f\u0259xsl\u0259r a\u015fa\u011f\u0131dak\u0131lard\u0131r:<\/span><\/span><\/span><\/p>\n<p><span style=\"font-size:12pt\"><span style=\"font-family:&quot;Times New Roman&quot;\"><span style=\"font-family:Tahoma\">&#8211; Sosial m\u00fcdafi\u0259y\u0259 x\u00fcsusi ehtiyac\u0131 olan a\u015fa\u011f\u0131dak\u0131 \u015f\u0259xsl\u0259rin t\u0259hsil m\u00fc\u0259ssis\u0259l\u0259rind\u0259 \u00f6d\u0259ni\u015fli \u0259saslarla t\u0259hsil ald\u0131qlar\u0131 m\u00fcdd\u0259td\u0259 t\u0259hsil haqq\u0131 d\u00f6vl\u0259t b\u00fcdc\u0259sinin v\u0259saiti hesab\u0131na \u00f6d\u0259nilir:<\/span><\/span><\/span><\/p>\n<p><span style=\"font-size:12pt\"><span style=\"font-family:&quot;Times New Roman&quot;\"><span style=\"font-family:Tahoma\">&#8211; d\u00f6vl\u0259t, b\u0259l\u0259diyy\u0259 v\u0259 \u00f6z\u0259l ali, orta ixtisas v\u0259 pe\u015f\u0259 t\u0259hsili m\u00fc\u0259ssis\u0259l\u0259rind\u0259 t\u0259hsil alan valideyn himay\u0259sind\u0259n m\u0259hrum olmu\u015f u\u015faqlar, habel\u0259 onlar\u0131n aras\u0131ndan olan \u015f\u0259xsl\u0259r; <\/span><\/span><\/span><\/p>\n<p><span style=\"font-size:12pt\"><span style=\"font-family:&quot;Times New Roman&quot;\"><span style=\"font-family:Tahoma\">&#8211; d\u00f6vl\u0259t, b\u0259l\u0259diyy\u0259 v\u0259 \u00f6z\u0259l ali, orta ixtisas v\u0259 pe\u015f\u0259 t\u0259hsili m\u00fc\u0259ssis\u0259l\u0259rind\u0259 t\u0259hsil alan \u015f\u0259hid ail\u0259sinin \u00fczvl\u0259ri;<\/span><\/span><\/span><\/p>\n<p><span style=\"font-size:12pt\"><span style=\"font-family:&quot;Times New Roman&quot;\"><span style=\"font-family:Tahoma\">&#8211; d\u00f6vl\u0259t, b\u0259l\u0259diyy\u0259 v\u0259 \u00f6z\u0259l ali, orta ixtisas v\u0259 pe\u015f\u0259 t\u0259hsili m\u00fc\u0259ssis\u0259l\u0259rind\u0259 t\u0259hsil alan Az\u0259rbaycan Respublikas\u0131n\u0131n \u0259razi b\u00fct\u00f6vl\u00fcy\u00fc u\u011frunda d\u00f6y\u00fc\u015f \u0259m\u0259liyyatlar\u0131nda i\u015ftirak etdiyin\u0259 g\u00f6r\u0259 \u201cM\u00fcharib\u0259 veteran\u0131\u201d ad\u0131 alm\u0131\u015f \u015f\u0259xsl\u0259r;<\/span><\/span><\/span><\/p>\n<p><span style=\"font-size:12pt\"><span style=\"font-family:&quot;Times New Roman&quot;\"><span style=\"font-family:Tahoma\">&#8211; d\u00f6vl\u0259t, b\u0259l\u0259diyy\u0259 v\u0259 \u00f6z\u0259l ali v\u0259 orta ixtisas t\u0259hsili m\u00fc\u0259ssis\u0259l\u0259rind\u0259 t\u0259hsil alan orqanizmin funksiyalar\u0131n\u0131n 61-100 faiz pozulmas\u0131na g\u00f6r\u0259, habel\u0259 18 ya\u015f\u0131nad\u0259k \u0259lilliyi m\u00fc\u0259yy\u0259n edilmi\u015f \u015f\u0259xsl\u0259r v\u0259 pe\u015f\u0259 t\u0259hsili m\u00fc\u0259ssis\u0259l\u0259rind\u0259 t\u0259hsil alan \u0259lilliyi olan \u015f\u0259xsl\u0259r;<\/span><\/span><\/span><\/p>\n<p><span style=\"font-size:12pt\"><span style=\"font-family:&quot;Times New Roman&quot;\"><span style=\"font-family:Tahoma\">&#8211; d\u00f6vl\u0259t, b\u0259l\u0259diyy\u0259 v\u0259 \u00f6z\u0259l ali v\u0259 orta ixtisas t\u0259hsili m\u00fc\u0259ssis\u0259l\u0259rind\u0259 t\u0259hsil alan Az\u0259rbaycan Respublikas\u0131n\u0131n \u0259razi b\u00fct\u00f6vl\u00fcy\u00fcn\u00fcn, m\u00fcst\u0259qilliyinin v\u0259 Konstitusiya qurulu\u015funun m\u00fcdafi\u0259si il\u0259 \u0259laq\u0259dar \u0259lilliyi m\u00fc\u0259yy\u0259n edilmi\u015f v\u0259 Az\u0259rbaycan Respublikas\u0131n\u0131n azadl\u0131\u011f\u0131, suverenliyi v\u0259 \u0259razi b\u00fct\u00f6vl\u00fcy\u00fc u\u011frunda h\u0259lak olan, h\u0259rbi \u0259m\u0259liyyatla \u0259laq\u0259dar itkin d\u00fc\u015f\u0259n v\u0259 m\u0259hk\u0259m\u0259 t\u0259r\u0259find\u0259n \u00f6lm\u00fc\u015f elan edil\u0259n v\u0259t\u0259nda\u015flar\u0131n u\u015faqlar\u0131;<\/span><\/span><\/span><\/p>\n<p><span style=\"font-size:12pt\"><span style=\"font-family:&quot;Times New Roman&quot;\"><span style=\"font-family:Tahoma\">&#8211; d\u00f6vl\u0259t ali v\u0259 orta ixtisas t\u0259hsili m\u00fc\u0259ssis\u0259l\u0259rind\u0259 t\u0259hsil alan \u201cQa\u00e7q\u0131nlar\u0131n v\u0259 m\u0259cburi k\u00f6\u00e7k\u00fcnl\u0259rin (\u00f6lk\u0259 daxilind\u0259 k\u00f6\u00e7\u00fcr\u00fclm\u00fc\u015f \u015f\u0259xsl\u0259rin) statusu haqq\u0131nda\u201d Az\u0259rbaycan Respublikas\u0131n\u0131n Qanununa uy\u011fun olaraq m\u0259cburi k\u00f6\u00e7k\u00fcn statusu olan Az\u0259rbaycan Respublikas\u0131n\u0131n v\u0259t\u0259nda\u015flar\u0131;<\/span><\/span><\/span><\/p>\n<p><span style=\"font-size:12pt\"><span style=\"font-family:&quot;Times New Roman&quot;\"><span style=\"font-family:Tahoma\">&#8211; d\u00f6vl\u0259t, b\u0259l\u0259diyy\u0259 v\u0259 \u00f6z\u0259l pe\u015f\u0259 t\u0259hsili m\u00fc\u0259ssis\u0259l\u0259rind\u0259 t\u0259hsil alan 20 ya\u015f\u0131na \u00e7atmam\u0131\u015f v\u0259 orqanizmin funksiyalar\u0131n\u0131n 81-100 faiz pozulmas\u0131na g\u00f6r\u0259 \u0259lilliyi m\u00fc\u0259yy\u0259n edilmi\u015f valideyni olan, ayl\u0131q g\u0259liri ya\u015fay\u0131\u015f minimumundan a\u015fa\u011f\u0131 olan \u015f\u0259xsl\u0259r;<\/span><\/span><\/span><\/p>\n<p><span style=\"font-size:12pt\"><span style=\"font-family:&quot;Times New Roman&quot;\"><span style=\"font-family:Tahoma\">&#8211; d\u00f6vl\u0259t, b\u0259l\u0259diyy\u0259 v\u0259 \u00f6z\u0259l pe\u015f\u0259 t\u0259hsili m\u00fc\u0259ssis\u0259l\u0259rind\u0259 t\u0259hsil alan k\u00f6\u00e7\u00fcr\u00fclm\u0259 g\u00fcn\u00fc ana b\u0259tnind\u0259 olan u\u015faqlar da daxil olmaqla, uzaqla\u015fd\u0131rma v\u0259 k\u00f6\u00e7\u00fcrm\u0259 zonalar\u0131ndan k\u00f6\u00e7\u00fcr\u00fclm\u00fc\u015f u\u015faqlar\u0131n v\u0259 ya 18 ya\u015f\u0131nad\u0259k yeniyetm\u0259l\u0259rin, habel\u0259 1986-c\u0131 il aprelin 26-dan sonra do\u011fulmu\u015f v\u0259 \u00c7ernob\u0131l AES-d\u0259 q\u0259zan\u0131n n\u0259tic\u0259l\u0259rinin l\u0259\u011fv edilm\u0259sinin i\u015ftirak\u00e7\u0131s\u0131 olmu\u015f, yaxud \u00c7ernob\u0131l q\u0259zas\u0131 n\u0259tic\u0259sind\u0259 z\u0259r\u0259r \u00e7\u0259kmi\u015f v\u0259 birba\u015fa radioaktiv \u015f\u00fcalanmaya m\u0259ruz qalmaq ehtimal\u0131 olmu\u015f valideynl\u0259rin birind\u0259n olan u\u015faqlar;<\/span><\/span><\/span><\/p>\n<p><span style=\"font-size:12pt\"><span style=\"font-family:&quot;Times New Roman&quot;\"><span style=\"font-family:Tahoma\">&#8211; i\u015f\u011faldan azad edilmi\u015f \u0259razil\u0259rd\u0259 m\u0259skunla\u015fm\u0131\u015f v\u0259 2025\/2026, 2026\/2027, 2027\/2028-ci t\u0259dris ill\u0259rind\u0259 d\u00f6vl\u0259t, b\u0259l\u0259diyy\u0259 v\u0259 \u00f6z\u0259l pe\u015f\u0259 t\u0259hsili m\u00fc\u0259ssis\u0259l\u0259rin\u0259 q\u0259bul olunmu\u015f, habel\u0259 h\u0259min t\u0259hsil m\u00fc\u0259ssis\u0259l\u0259rind\u0259 t\u0259hsil almaqda olan \u015f\u0259xsl\u0259r.<\/span><\/span><\/span><\/p>\n<\/p><\/div>\n","protected":false},"excerpt":{"rendered":"<p>Sosial m\u00fcdafi\u0259y\u0259 x\u00fcsusi ehtiyac\u0131 olan \u015f\u0259xsl\u0259rin \u00f6d\u0259ni\u015fli \u0259saslarla t\u0259hsil ald\u0131qlar\u0131 m\u00fcdd\u0259td\u0259 t\u0259hsil haqq\u0131n\u0131n d\u00f6vl\u0259t b\u00fcdc\u0259si v\u0259saiti hesab\u0131na \u00f6d\u0259nil\u0259c\u0259yi<\/p>\n","protected":false},"author":1,"featured_media":39802,"comment_status":"","ping_status":"","sticky":false,"template":"","format":"standard","meta":{"footnotes":""},"categories":[18],"tags":[],"class_list":["post-39801","post","type-post","status-publish","format-standard","has-post-thumbnail","hentry","category-gundm"],"_links":{"self":[{"href":"https:\/\/rubin.az\/index.php?rest_route=\/wp\/v2\/posts\/39801","targetHints":{"allow":["GET"]}}],"collection":[{"href":"https:\/\/rubin.az\/index.php?rest_route=\/wp\/v2\/posts"}],"about":[{"href":"https:\/\/rubin.az\/index.php?rest_route=\/wp\/v2\/types\/post"}],"author":[{"embeddable":true,"href":"https:\/\/rubin.az\/index.php?rest_route=\/wp\/v2\/users\/1"}],"replies":[{"embeddable":true,"href":"https:\/\/rubin.az\/index.php?rest_route=%2Fwp%2Fv2%2Fcomments&post=39801"}],"version-history":[{"count":0,"href":"https:\/\/rubin.az\/index.php?rest_route=\/wp\/v2\/posts\/39801\/revisions"}],"wp:featuredmedia":[{"embeddable":true,"href":"https:\/\/rubin.az\/index.php?rest_route=\/wp\/v2\/media\/39802"}],"wp:attachment":[{"href":"https:\/\/rubin.az\/index.php?rest_route=%2Fwp%2Fv2%2Fmedia&parent=39801"}],"wp:term":[{"taxonomy":"category","embeddable":true,"href":"https:\/\/rubin.az\/index.php?rest_route=%2Fwp%2Fv2%2Fcategories&post=39801"},{"taxonomy":"post_tag","embeddable":true,"href":"https:\/\/rubin.az\/index.php?rest_route=%2Fwp%2Fv2%2Ftags&post=39801"}],"curies":[{"name":"wp","href":"https:\/\/api.w.org\/{rel}","templated":true}]}}