{"id":39799,"date":"2026-01-22T08:00:35","date_gmt":"2026-01-22T04:00:35","guid":{"rendered":"http:\/\/rubin.az\/?p=39799"},"modified":"2026-01-22T08:00:35","modified_gmt":"2026-01-22T04:00:35","slug":"q%c9%99zzada-daha-3-jurnalist-h%c9%99lak-olub","status":"publish","type":"post","link":"https:\/\/rubin.az\/?p=39799","title":{"rendered":"Q\u0259zzada daha 3 jurnalist h\u0259lak olub"},"content":{"rendered":"<p><img decoding=\"async\" src=\"https:\/\/apa.az\/storage\/news\/2026\/january\/22\/resize\/69719939197ff6971993919800176905247369719939197fd69719939197fe.jpg\" \/><\/p>\n<div itemprop=\"articleBody\">\n<p><span style=\"font-size:11pt\"><span style=\"font-family:Calibri,sans-serif\"><span style=\"font-size:14.0pt\"><span style=\"font-family:&quot;Times New Roman&quot;,serif\">Q\u0259zza zola\u011f\u0131nda daha \u00fc\u00e7 jurnalistin h\u0259lak oldu\u011fu bildirilir. <\/span><\/span><\/span><\/span><\/p>\n<p><span style=\"font-size:11pt\"><span style=\"font-family:Calibri,sans-serif\"><span style=\"font-size:14.0pt\"><span style=\"font-family:&quot;Times New Roman&quot;,serif\"><a href=\"https:\/\/apa.az\" class=\"hyperlink\" target=\"_blank\">APA<\/a> x\u0259b\u0259r verir ki, bu bar\u0259d\u0259 Q\u0259zza h\u00f6kum\u0259tinin Media Ofisi m\u0259lumat yay\u0131b.<\/span><\/span><\/span><\/span><\/p>\n<p><span style=\"font-size:11pt\"><span style=\"font-family:Calibri,sans-serif\"><span style=\"font-size:14.0pt\"><span style=\"font-family:&quot;Times New Roman&quot;,serif\">Misir Yard\u0131m Komit\u0259sinin media qrupunda \u00e7al\u0131\u015fan \u018fbd\u00fcl Rauf Samir \u015eaat, M\u0259h\u0259mm\u0259d Salah Qa\u015fta v\u0259 \u018fn\u0259s Abdullah Qanim adl\u0131 \u00fc\u00e7 jurnalist \u0130srail ordusunun hava h\u00fccumlar\u0131 zaman\u0131 h\u0259lak olub.<\/span><\/span><\/span><\/span><\/p>\n<p><span style=\"font-size:11pt\"><span style=\"font-family:Calibri,sans-serif\"><span style=\"font-size:14.0pt\"><span style=\"font-family:&quot;Times New Roman&quot;,serif\">M\u0259lumata g\u00f6r\u0259, Q\u0259zza zola\u011f\u0131nda ba\u015f ver\u0259n insidentl\u0259r zaman\u0131 \u00f6ld\u00fcr\u00fcl\u0259n jurnalistl\u0259rin \u00fcmumi say\u0131 260-a \u00e7at\u0131b.<\/span><\/span><\/span><\/span><\/p>\n<\/p><\/div>\n","protected":false},"excerpt":{"rendered":"<p>Q\u0259zza zola\u011f\u0131nda daha \u00fc\u00e7 jurnalistin h\u0259lak oldu\u011fu bildirilir. APA x\u0259b\u0259r verir ki, bu bar\u0259d\u0259 Q\u0259zza h\u00f6kum\u0259tinin Media Ofisi<\/p>\n","protected":false},"author":1,"featured_media":39800,"comment_status":"","ping_status":"","sticky":false,"template":"","format":"standard","meta":{"footnotes":""},"categories":[18],"tags":[],"class_list":["post-39799","post","type-post","status-publish","format-standard","has-post-thumbnail","hentry","category-gundm"],"_links":{"self":[{"href":"https:\/\/rubin.az\/index.php?rest_route=\/wp\/v2\/posts\/39799","targetHints":{"allow":["GET"]}}],"collection":[{"href":"https:\/\/rubin.az\/index.php?rest_route=\/wp\/v2\/posts"}],"about":[{"href":"https:\/\/rubin.az\/index.php?rest_route=\/wp\/v2\/types\/post"}],"author":[{"embeddable":true,"href":"https:\/\/rubin.az\/index.php?rest_route=\/wp\/v2\/users\/1"}],"replies":[{"embeddable":true,"href":"https:\/\/rubin.az\/index.php?rest_route=%2Fwp%2Fv2%2Fcomments&post=39799"}],"version-history":[{"count":0,"href":"https:\/\/rubin.az\/index.php?rest_route=\/wp\/v2\/posts\/39799\/revisions"}],"wp:featuredmedia":[{"embeddable":true,"href":"https:\/\/rubin.az\/index.php?rest_route=\/wp\/v2\/media\/39800"}],"wp:attachment":[{"href":"https:\/\/rubin.az\/index.php?rest_route=%2Fwp%2Fv2%2Fmedia&parent=39799"}],"wp:term":[{"taxonomy":"category","embeddable":true,"href":"https:\/\/rubin.az\/index.php?rest_route=%2Fwp%2Fv2%2Fcategories&post=39799"},{"taxonomy":"post_tag","embeddable":true,"href":"https:\/\/rubin.az\/index.php?rest_route=%2Fwp%2Fv2%2Ftags&post=39799"}],"curies":[{"name":"wp","href":"https:\/\/api.w.org\/{rel}","templated":true}]}}