{"id":39795,"date":"2026-01-22T05:58:17","date_gmt":"2026-01-22T01:58:17","guid":{"rendered":"http:\/\/rubin.az\/?p=39795"},"modified":"2026-01-22T05:58:17","modified_gmt":"2026-01-22T01:58:17","slug":"abs-ordusu-arktikada-%c9%99m%c9%99liyyatlara-kifay%c9%99t-q%c9%99d%c9%99r-hazir-deyil","status":"publish","type":"post","link":"https:\/\/rubin.az\/?p=39795","title":{"rendered":"AB\u015e ordusu Arktikada \u0259m\u0259liyyatlara kifay\u0259t q\u0259d\u0259r haz\u0131r deyil"},"content":{"rendered":"<p><img decoding=\"async\" src=\"https:\/\/apa.az\/storage\/news\/2026\/january\/22\/resize\/69717213180866971721318087176904245169717213180846971721318085.jpg\" \/><\/p>\n<div itemprop=\"articleBody\">\n<p><span style=\"font-size:11pt\"><span style=\"font-family:Calibri,sans-serif\"><span style=\"font-size:14.0pt\"><span style=\"font-family:&quot;Times New Roman&quot;,serif\">AB\u015e h\u0259rbi qulluq\u00e7ular\u0131 Arktikada t\u0259hl\u00fck\u0259sizliyi m\u00fcst\u0259qil \u015f\u0259kild\u0259 t\u0259min ed\u0259 bilmirl\u0259r, \u00e7\u00fcnki onlar \u015eimali Avropadak\u0131 NATO \u00fczv\u00fc \u00f6lk\u0259l\u0259r\u0259 nisb\u0259t\u0259n s\u0259rt v\u0259 soyuq \u015f\u0259raitd\u0259 \u0259m\u0259liyyatlara daha az haz\u0131rd\u0131rlar. <\/span><\/span><\/span><\/span><\/p>\n<p><span style=\"font-size:11pt\"><span style=\"font-family:Calibri,sans-serif\"><span style=\"font-size:14.0pt\"><span style=\"font-family:&quot;Times New Roman&quot;,serif\"><a href=\"https:\/\/apa.az\" class=\"hyperlink\" target=\"_blank\">APA<\/a> x\u0259b\u0259r verir ki, bu iddia il\u0259 Britaniyan\u0131n \u201cThe Times\u201d q\u0259zeti ad\u0131 a\u00e7\u0131qlanmayan m\u0259nb\u0259y\u0259 istinad\u0259n m\u0259lumat verib.<\/span><\/span><\/span><\/span><\/p>\n<p><span style=\"font-size:11pt\"><span style=\"font-family:Calibri,sans-serif\"><span style=\"font-size:14.0pt\"><span style=\"font-family:&quot;Times New Roman&quot;,serif\">Q\u0259zetin m\u0259lumat\u0131na g\u00f6r\u0259, AB\u015e n\u00fcmay\u0259nd\u0259l\u0259ri 2025-ci ilin mart ay\u0131nda Norve\u00e7in \u015fimal\u0131nda ke\u00e7iril\u0259n NATO Birg\u0259 t\u0259liml\u0259ri zaman\u0131 ciddi \u00e7\u0259tinlikl\u0259rl\u0259 \u00fczl\u0259\u015fibl\u0259r. <\/span><\/span><\/span><\/span><\/p>\n<p><span style=\"font-size:11pt\"><span style=\"font-family:Calibri,sans-serif\"><span style=\"font-size:14.0pt\"><span style=\"font-family:&quot;Times New Roman&quot;,serif\">M\u0259nb\u0259 h\u0259m\u00e7inin qeyd edib ki, AB\u015e buzq\u0131ran g\u0259mil\u0259rin tikintisi \u00fc\u00e7\u00fcn Finlandiyadan as\u0131l\u0131d\u0131r.<\/span><\/span><\/span><\/span><\/p>\n<\/p><\/div>\n","protected":false},"excerpt":{"rendered":"<p>AB\u015e h\u0259rbi qulluq\u00e7ular\u0131 Arktikada t\u0259hl\u00fck\u0259sizliyi m\u00fcst\u0259qil \u015f\u0259kild\u0259 t\u0259min ed\u0259 bilmirl\u0259r, \u00e7\u00fcnki onlar \u015eimali Avropadak\u0131 NATO \u00fczv\u00fc \u00f6lk\u0259l\u0259r\u0259 nisb\u0259t\u0259n<\/p>\n","protected":false},"author":1,"featured_media":39796,"comment_status":"","ping_status":"","sticky":false,"template":"","format":"standard","meta":{"footnotes":""},"categories":[18],"tags":[],"class_list":["post-39795","post","type-post","status-publish","format-standard","has-post-thumbnail","hentry","category-gundm"],"_links":{"self":[{"href":"https:\/\/rubin.az\/index.php?rest_route=\/wp\/v2\/posts\/39795","targetHints":{"allow":["GET"]}}],"collection":[{"href":"https:\/\/rubin.az\/index.php?rest_route=\/wp\/v2\/posts"}],"about":[{"href":"https:\/\/rubin.az\/index.php?rest_route=\/wp\/v2\/types\/post"}],"author":[{"embeddable":true,"href":"https:\/\/rubin.az\/index.php?rest_route=\/wp\/v2\/users\/1"}],"replies":[{"embeddable":true,"href":"https:\/\/rubin.az\/index.php?rest_route=%2Fwp%2Fv2%2Fcomments&post=39795"}],"version-history":[{"count":0,"href":"https:\/\/rubin.az\/index.php?rest_route=\/wp\/v2\/posts\/39795\/revisions"}],"wp:featuredmedia":[{"embeddable":true,"href":"https:\/\/rubin.az\/index.php?rest_route=\/wp\/v2\/media\/39796"}],"wp:attachment":[{"href":"https:\/\/rubin.az\/index.php?rest_route=%2Fwp%2Fv2%2Fmedia&parent=39795"}],"wp:term":[{"taxonomy":"category","embeddable":true,"href":"https:\/\/rubin.az\/index.php?rest_route=%2Fwp%2Fv2%2Fcategories&post=39795"},{"taxonomy":"post_tag","embeddable":true,"href":"https:\/\/rubin.az\/index.php?rest_route=%2Fwp%2Fv2%2Ftags&post=39795"}],"curies":[{"name":"wp","href":"https:\/\/api.w.org\/{rel}","templated":true}]}}