{"id":39785,"date":"2026-01-22T00:52:37","date_gmt":"2026-01-21T20:52:37","guid":{"rendered":"http:\/\/rubin.az\/?p=39785"},"modified":"2026-01-22T00:52:37","modified_gmt":"2026-01-21T20:52:37","slug":"nato-nun-bas-katibinin-muavini-radmila-sekerinska-az%c9%99rbaycana-s%c9%99f%c9%99r-edib","status":"publish","type":"post","link":"https:\/\/rubin.az\/?p=39785","title":{"rendered":"NATO-nun Ba\u015f katibinin m\u00fcavini Radmila \u015eekerinska Az\u0259rbaycana s\u0259f\u0259r edib"},"content":{"rendered":"<p><img decoding=\"async\" src=\"https:\/\/apa.az\/storage\/news\/2026\/january\/22\/resize\/697136e3407e8697136e3407e91769027299697136e3407e6697136e3407e7.jfif\" \/><\/p>\n<div itemprop=\"articleBody\">\n<p><span style=\"font-size:11pt\"><span style=\"font-family:Calibri,sans-serif\"><span style=\"font-size:14.0pt\"><span style=\"font-family:&quot;Times New Roman&quot;,serif\">NATO-nun Ba\u015f katibinin m\u00fcavini Radmila \u015eekerinska Az\u0259rbaycana s\u0259f\u0259r edib.<\/span><\/span><\/span><\/span><\/p>\n<p><span style=\"font-size:11pt\"><span style=\"font-family:Calibri,sans-serif\"><span style=\"font-size:14.0pt\"><span style=\"font-family:&quot;Times New Roman&quot;,serif\"><a href=\"https:\/\/apa.az\" class=\"hyperlink\" target=\"_blank\">APA<\/a> x\u0259b\u0259r verir ki, s\u0259f\u0259r proqram\u0131 \u00e7\u0259r\u00e7iv\u0259sind\u0259 \u015eekerinska ADA Universitetini ziyar\u0259t edib v\u0259 universitetin prorektoru, eyni zamanda Milli M\u0259clisin deputat\u0131 Fariz \u0130smay\u0131lzad\u0259 il\u0259 g\u00f6r\u00fc\u015f\u00fcb.<\/span><\/span><\/span><\/span><\/p>\n<p><span style=\"font-size:11pt\"><span style=\"font-family:Calibri,sans-serif\"><span style=\"font-size:14.0pt\"><span style=\"font-family:&quot;Times New Roman&quot;,serif\">Ba\u015f katibin m\u00fcavini h\u0259m\u00e7inin universitetin m\u00fc\u0259llim hey\u0259ti v\u0259 t\u0259l\u0259b\u0259l\u0259ri il\u0259 g\u00f6r\u00fc\u015f\u0259r\u0259k NATO v\u0259 onun \u0259sas v\u0259zif\u0259l\u0259ri, alyans\u0131n s\u00fclh v\u0259 t\u0259hl\u00fck\u0259sizliyin t\u0259min olunmas\u0131ndak\u0131 rolu, el\u0259c\u0259 d\u0259 s\u00fclh namin\u0259 t\u0259r\u0259fda\u015fl\u0131q \u00e7\u0259r\u00e7iv\u0259sind\u0259 Az\u0259rbaycan\u2013NATO \u0259m\u0259kda\u015fl\u0131\u011f\u0131 bar\u0259d\u0259 s\u0259m\u0259r\u0259li m\u00fczakir\u0259l\u0259r apar\u0131b. <\/span><\/span><\/span><\/span><\/p>\n<p><span style=\"font-size:11pt\"><span style=\"font-family:Calibri,sans-serif\"><span style=\"font-size:14.0pt\"><span style=\"font-family:&quot;Times New Roman&quot;,serif\">G\u00f6r\u00fc\u015fd\u0259 Az\u0259rbaycan\u0131n NATO-nun r\u0259hb\u0259rlik etdiyi s\u00fclh\u00fc d\u0259st\u0259kl\u0259m\u0259 \u0259m\u0259liyyatlar\u0131nda f\u0259al v\u0259 etibarl\u0131 t\u0259r\u0259fda\u015f kimi t\u00f6hf\u0259l\u0259ri, o c\u00fcml\u0259d\u0259n \u018ffqan\u0131standak\u0131 \u201cQ\u0259tiyy\u0259tli D\u0259st\u0259k\u201d missiyas\u0131n\u0131n (RSM) son m\u0259rh\u0259l\u0259sind\u0259 m\u00fctt\u0259fiq q\u00fcvv\u0259l\u0259rin t\u0259hl\u00fck\u0259siz t\u0259xliy\u0259sinin t\u0259min edilm\u0259sind\u0259 g\u00f6st\u0259rdiyi m\u00fch\u00fcm d\u0259st\u0259k, h\u0259m\u00e7inin Avropan\u0131n enerji t\u0259hl\u00fck\u0259sizliyin\u0259 verdiyi t\u00f6hf\u0259l\u0259r diqq\u0259t\u0259 \u00e7atd\u0131r\u0131l\u0131b.<\/span><\/span><\/span><\/span><\/p>\n<p><span style=\"font-size:11pt\"><span style=\"font-family:Calibri,sans-serif\"><span style=\"font-size:14.0pt\"><span style=\"font-family:&quot;Times New Roman&quot;,serif\">Fariz \u0130smay\u0131lzad\u0259 Ba\u015f katibin m\u00fcavinini universitetin t\u0259hsil proqramlar\u0131 v\u0259 f\u0259aliyy\u0259ti, beyn\u0259lxalq \u0259m\u0259kda\u015fl\u0131q \u0259laq\u0259l\u0259ri v\u0259 t\u0259hsilin inki\u015faf\u0131na y\u00f6n\u0259lmi\u015f t\u0259\u015f\u0259bb\u00fcsl\u0259ri bar\u0259d\u0259 m\u0259lumatland\u0131r\u0131b.<\/span><\/span><\/span><\/span><\/p>\n<p><span style=\"font-size:11pt\"><span style=\"font-family:Calibri,sans-serif\"><span style=\"font-size:14.0pt\"><span style=\"font-family:&quot;Times New Roman&quot;,serif\">\u015eekerinska, h\u0259m\u00e7inin universitetin m\u00fcasir kampusu v\u0259 infrastrukturu il\u0259 tan\u0131\u015f olmaq \u00fc\u00e7\u00fcn ADA Universitetini g\u0259zib.<\/span><\/span><\/span><\/span><\/p>\n<\/p><\/div>\n","protected":false},"excerpt":{"rendered":"<p>NATO-nun Ba\u015f katibinin m\u00fcavini Radmila \u015eekerinska Az\u0259rbaycana s\u0259f\u0259r edib. APA x\u0259b\u0259r verir ki, s\u0259f\u0259r proqram\u0131 \u00e7\u0259r\u00e7iv\u0259sind\u0259 \u015eekerinska ADA<\/p>\n","protected":false},"author":1,"featured_media":39786,"comment_status":"","ping_status":"","sticky":false,"template":"","format":"standard","meta":{"footnotes":""},"categories":[18],"tags":[],"class_list":["post-39785","post","type-post","status-publish","format-standard","has-post-thumbnail","hentry","category-gundm"],"_links":{"self":[{"href":"https:\/\/rubin.az\/index.php?rest_route=\/wp\/v2\/posts\/39785","targetHints":{"allow":["GET"]}}],"collection":[{"href":"https:\/\/rubin.az\/index.php?rest_route=\/wp\/v2\/posts"}],"about":[{"href":"https:\/\/rubin.az\/index.php?rest_route=\/wp\/v2\/types\/post"}],"author":[{"embeddable":true,"href":"https:\/\/rubin.az\/index.php?rest_route=\/wp\/v2\/users\/1"}],"replies":[{"embeddable":true,"href":"https:\/\/rubin.az\/index.php?rest_route=%2Fwp%2Fv2%2Fcomments&post=39785"}],"version-history":[{"count":0,"href":"https:\/\/rubin.az\/index.php?rest_route=\/wp\/v2\/posts\/39785\/revisions"}],"wp:featuredmedia":[{"embeddable":true,"href":"https:\/\/rubin.az\/index.php?rest_route=\/wp\/v2\/media\/39786"}],"wp:attachment":[{"href":"https:\/\/rubin.az\/index.php?rest_route=%2Fwp%2Fv2%2Fmedia&parent=39785"}],"wp:term":[{"taxonomy":"category","embeddable":true,"href":"https:\/\/rubin.az\/index.php?rest_route=%2Fwp%2Fv2%2Fcategories&post=39785"},{"taxonomy":"post_tag","embeddable":true,"href":"https:\/\/rubin.az\/index.php?rest_route=%2Fwp%2Fv2%2Ftags&post=39785"}],"curies":[{"name":"wp","href":"https:\/\/api.w.org\/{rel}","templated":true}]}}