{"id":39773,"date":"2026-01-21T18:46:42","date_gmt":"2026-01-21T14:46:42","guid":{"rendered":"https:\/\/rubin.az\/?p=39773"},"modified":"2026-01-21T18:46:42","modified_gmt":"2026-01-21T14:46:42","slug":"tramp-bu-gun-davosda-zelenski-il%c9%99-gorus%c9%99c%c9%99yini-bildirib","status":"publish","type":"post","link":"https:\/\/rubin.az\/?p=39773","title":{"rendered":"Tramp bu g\u00fcn Davosda Zelenski il\u0259 g\u00f6r\u00fc\u015f\u0259c\u0259yini bildirib"},"content":{"rendered":"<p><img decoding=\"async\" src=\"https:\/\/apa.az\/storage\/news\/2026\/january\/21\/resize\/6970e25797bf86970e25797bf917690056556970e25797bf66970e25797bf7.jpg\" \/><\/p>\n<div itemprop=\"articleBody\">\n<p><span style=\"font-size:12pt\"><span style=\"font-family:&quot;Times New Roman&quot;,serif\"><span style=\"font-size:14.0pt\"><span style=\"font-family:&quot;Tahoma&quot;,sans-serif\">H\u0259m Rusiya, h\u0259m d\u0259 Ukrayna prezidentl\u0259ri s\u00fclh raz\u0131la\u015fmas\u0131 \u0259ld\u0259 etm\u0259k ist\u0259yir.<\/span><\/span><\/span><\/span><\/p>\n<p><span style=\"font-size:12pt\"><span style=\"font-family:&quot;Times New Roman&quot;,serif\"><span style=\"font-size:14.0pt\"><span style=\"font-family:&quot;Tahoma&quot;,sans-serif\"><a href=\"https:\/\/apa.az\" class=\"hyperlink\" target=\"_blank\">APA<\/a> x\u0259b\u0259r verir ki, bunu AB\u015e Prezidenti Donald Tramp D\u00fcnya \u0130qtisadi Forumundak\u0131 \u00e7\u0131x\u0131\u015f\u0131nda deyib.<\/span><\/span><\/span><\/span><\/p>\n<p><span style=\"font-size:12pt\"><span style=\"font-family:&quot;Times New Roman&quot;,serif\"><span style=\"font-size:14.0pt\"><span style=\"font-family:&quot;Tahoma&quot;,sans-serif\">\u201cM\u0259n Prezident Putinl\u0259 i\u015fl\u0259yir\u0259m v\u0259 o, raz\u0131la\u015fma \u0259ld\u0259 etm\u0259k ist\u0259yir. M\u0259n buna inan\u0131ram. M\u0259n h\u0259m d\u0259 Prezident Zelenski il\u0259 i\u015fl\u0259yir\u0259m v\u0259 d\u00fc\u015f\u00fcn\u00fcr\u0259m ki, o da raz\u0131la\u015fma \u0259ld\u0259 etm\u0259k ist\u0259yir. M\u0259n bu g\u00fcn onunla g\u00f6r\u00fc\u015f\u0259c\u0259m\u201d, &#8211; Tramp qeyd edib.<\/span><\/span><\/span><\/span><\/p>\n<\/p><\/div>\n","protected":false},"excerpt":{"rendered":"<p>H\u0259m Rusiya, h\u0259m d\u0259 Ukrayna prezidentl\u0259ri s\u00fclh raz\u0131la\u015fmas\u0131 \u0259ld\u0259 etm\u0259k ist\u0259yir. APA x\u0259b\u0259r verir ki, bunu AB\u015e Prezidenti<\/p>\n","protected":false},"author":1,"featured_media":39774,"comment_status":"","ping_status":"","sticky":false,"template":"","format":"standard","meta":{"footnotes":""},"categories":[18],"tags":[],"class_list":["post-39773","post","type-post","status-publish","format-standard","has-post-thumbnail","hentry","category-gundm"],"_links":{"self":[{"href":"https:\/\/rubin.az\/index.php?rest_route=\/wp\/v2\/posts\/39773","targetHints":{"allow":["GET"]}}],"collection":[{"href":"https:\/\/rubin.az\/index.php?rest_route=\/wp\/v2\/posts"}],"about":[{"href":"https:\/\/rubin.az\/index.php?rest_route=\/wp\/v2\/types\/post"}],"author":[{"embeddable":true,"href":"https:\/\/rubin.az\/index.php?rest_route=\/wp\/v2\/users\/1"}],"replies":[{"embeddable":true,"href":"https:\/\/rubin.az\/index.php?rest_route=%2Fwp%2Fv2%2Fcomments&post=39773"}],"version-history":[{"count":0,"href":"https:\/\/rubin.az\/index.php?rest_route=\/wp\/v2\/posts\/39773\/revisions"}],"wp:featuredmedia":[{"embeddable":true,"href":"https:\/\/rubin.az\/index.php?rest_route=\/wp\/v2\/media\/39774"}],"wp:attachment":[{"href":"https:\/\/rubin.az\/index.php?rest_route=%2Fwp%2Fv2%2Fmedia&parent=39773"}],"wp:term":[{"taxonomy":"category","embeddable":true,"href":"https:\/\/rubin.az\/index.php?rest_route=%2Fwp%2Fv2%2Fcategories&post=39773"},{"taxonomy":"post_tag","embeddable":true,"href":"https:\/\/rubin.az\/index.php?rest_route=%2Fwp%2Fv2%2Ftags&post=39773"}],"curies":[{"name":"wp","href":"https:\/\/api.w.org\/{rel}","templated":true}]}}