{"id":39769,"date":"2026-01-21T17:40:51","date_gmt":"2026-01-21T13:40:51","guid":{"rendered":"https:\/\/rubin.az\/?p=39769"},"modified":"2026-01-21T17:40:51","modified_gmt":"2026-01-21T13:40:51","slug":"xarici-siyas%c9%99td%c9%99-must%c9%99qil-x%c9%99tt-avropa-parlamenti-il%c9%99-munasib%c9%99tl%c9%99r-v%c9%99-lobby-t%c9%99zyiql%c9%99ri","status":"publish","type":"post","link":"https:\/\/rubin.az\/?p=39769","title":{"rendered":"Xarici Siyas\u0259td\u0259 M\u00fcst\u0259qil X\u0259tt: Avropa Parlamenti il\u0259 M\u00fcnasib\u0259tl\u0259r v\u0259 &#8220;Lobby&#8221; T\u0259zyiql\u0259ri"},"content":{"rendered":"<p>M\u00fcasir beyn\u0259lxalq m\u00fcnasib\u0259tl\u0259r sistemind\u0259 d\u00f6vl\u0259tl\u0259rin suveren h\u00fcquqlar\u0131n\u0131n qorunmas\u0131 v\u0259 m\u00fcst\u0259qil siyas\u0259t y\u00fcr\u00fctm\u0259si getdikc\u0259 daha m\u00fcr\u0259kk\u0259b xarakter al\u0131r. X\u00fcsusil\u0259 &#8220;g\u00fcc qaydas\u0131&#8221;n\u0131n \u00f6n plana \u00e7\u0131xd\u0131\u011f\u0131 yeni erada, b\u0259zi beyn\u0259lxalq t\u0259\u015fkilatlar\u0131n v\u0259 parlament strukturlar\u0131n\u0131n ayr\u0131-ayr\u0131 d\u00f6vl\u0259tl\u0259r\u0259 t\u0259zyiq mexanizmi kimi istifad\u0259 edilm\u0259si hallar\u0131 artmaqdad\u0131r. Az\u0259rbaycan\u0131n Avropa Parlamenti (AP) v\u0259 Avropa \u015euras\u0131 Parlament Assambleyas\u0131 (A\u015ePA) il\u0259 m\u00fcnasib\u0259tl\u0259rind\u0259 yaranm\u0131\u015f haz\u0131rk\u0131 v\u0259ziyy\u0259t bu qlobal tendensiyan\u0131n \u0259n bariz n\u00fcmun\u0259l\u0259rind\u0259n biridir.<\/p>\n<p>Prezident \u0130lham \u018fliyevin 2026-c\u0131 ilin yanvar\u0131nda Davosda qeyd etdiyi kimi, Az\u0259rbaycan art\u0131q uzun ill\u0259rdir ki, b\u0259zi Avropa t\u0259sisatlar\u0131n\u0131n daimi v\u0259 sistemli t\u0259nqidl\u0259ri il\u0259 \u00fczl\u0259\u015fir. Lakin bu t\u0259nqidl\u0259rin obyektiv h\u00fcquqi \u0259saslardan uzaq olmas\u0131, onlar\u0131n arxas\u0131nda dayanan h\u0259qiqi s\u0259b\u0259bl\u0259ri \u00fcz\u0259 \u00e7\u0131xar\u0131r. Az\u0259rbaycan\u0131n m\u00fcst\u0259qil xarici siyas\u0259tini, x\u00fcsusil\u0259 \u0259razi b\u00fct\u00f6vl\u00fcy\u00fcn\u00fc \u00f6z g\u00fcc\u00fc hesab\u0131na b\u0259rpa etm\u0259sini h\u0259zm ed\u0259 bilm\u0259y\u0259n x\u00fcsusi maraq qruplar\u0131 v\u0259 lobbi t\u0259\u015fkilatlar\u0131 bu parlament strukturlar\u0131n\u0131 siyasi al\u0259t\u0259 \u00e7evirmi\u015fl\u0259r.<\/p>\n<p>X\u00fcsusil\u0259 erm\u0259ni lobbisinin v\u0259 onlara yax\u0131n olan b\u0259zi &#8220;neo-m\u00fcst\u0259ml\u0259k\u0259\u00e7i&#8221; t\u0259f\u0259kk\u00fcrl\u00fc q\u00fcvv\u0259l\u0259rin Avropa Parlamentind\u0259ki f\u0259aliyy\u0259ti Az\u0259rbaycana qar\u015f\u0131 q\u0259r\u0259zli q\u0259tnam\u0259l\u0259rin q\u0259bul edilm\u0259sind\u0259 h\u0259lledici rol oynay\u0131r. Bu q\u00fcvv\u0259l\u0259r Az\u0259rbaycan\u0131n regionda artan n\u00fcfuzunu v\u0259 enerji sah\u0259sind\u0259ki strateji m\u00fcst\u0259qilliyini \u00f6z maraqlar\u0131 \u00fc\u00e7\u00fcn t\u0259hdid kimi g\u00f6r\u00fcrl\u0259r.<\/p>\n<p>R\u0259smi Bak\u0131n\u0131n bu t\u0259zyiql\u0259r\u0259 cavab\u0131 olduqca konkret v\u0259 strateji xarakter da\u015f\u0131y\u0131r: Reaksiya verm\u0259m\u0259k v\u0259 qeyri-konstruktiv strukturlarla \u0259m\u0259kda\u015fl\u0131\u011f\u0131 dayand\u0131rmaq. Az\u0259rbaycan d\u00f6vl\u0259ti art\u0131q uzun ill\u0259rdir ki, Avropa Parlamenti v\u0259 A\u015ePA il\u0259 ist\u0259nil\u0259n n\u00f6v siyasi dialoqu dondurub. Bu, z\u0259iflik deyil, \u0259ksin\u0259, \u00f6z\u00fcn\u0259inam\u0131n v\u0259 milli l\u0259yaq\u0259tin g\u00f6st\u0259ricisidir. \u018fg\u0259r bir qurum beyn\u0259lxalq h\u00fcquq normalar\u0131n\u0131 k\u0259nara qoyaraq yaln\u0131z q\u0259r\u0259zli siyasi sifari\u015fl\u0259ri icra edirs\u0259, onunla apar\u0131lan m\u00fczakir\u0259l\u0259r \u0259h\u0259miyy\u0259tini itirir. Prezidentin ifad\u0259 etdiyi kimi, Az\u0259rbaycan art\u0131q bu t\u0259nqidl\u0259r\u0259 reaksiya vermir, \u00e7\u00fcnki bu qurumlar\u0131n q\u0259rarlar\u0131 \u00f6lk\u0259nin daxili v\u0259 xarici siyas\u0259tin\u0259 he\u00e7 bir real t\u0259sir g\u00f6st\u0259rm\u0259k g\u00fcc\u00fcnd\u0259 deyil.<\/p>\n<p>Bu yana\u015fma g\u00f6st\u0259rir ki, Az\u0259rbaycan \u00fc\u00e7\u00fcn real i\u015f v\u0259 qar\u015f\u0131l\u0131ql\u0131 maraqlar, m\u0259nas\u0131z siyasi b\u0259yanatlardan qat-qat \u00fcst\u00fcnd\u00fcr. Avropa Komissiyas\u0131 Az\u0259rbaycan\u0131 etibarl\u0131 t\u0259r\u0259fda\u015f kimi q\u0259bul edir v\u0259 bu \u0259m\u0259kda\u015fl\u0131q h\u0259r iki t\u0259r\u0259f \u00fc\u00e7\u00fcn strateji \u0259h\u0259miyy\u0259t k\u0259sb edir.<\/p>\n<p>Az\u0259rbaycan\u0131n Avropa t\u0259sisatlar\u0131 il\u0259 m\u00fcnasib\u0259tl\u0259rd\u0259 n\u00fcmayi\u015f etdirdiyi duru\u015f, m\u00fcasir beyn\u0259lxalq sistemd\u0259 milli maraqlar\u0131n nec\u0259 qorunmal\u0131 oldu\u011funun d\u0259rsidir. Lobbi t\u0259zyiql\u0259rin\u0259 v\u0259 q\u0259r\u0259zli kampaniyalara boyun \u0259ym\u0259y\u0259n Bak\u0131, \u00f6z yolunu beyn\u0259lxalq h\u00fcquq v\u0259 xalq\u0131n maraqlar\u0131 \u00fcz\u0259rind\u0259 qurur. &#8220;G\u00fcc qaydas\u0131&#8221;n\u0131n hakim oldu\u011fu yeni d\u00fcnyada, Az\u0259rbaycan s\u00fcbut edir ki, \u0259sl suverenlik xarici dikt\u0259l\u0259r\u0259 yox, milli irad\u0259y\u0259 s\u00f6yk\u0259nm\u0259kdir.<\/p>\n<p>&nbsp;<\/p>\n<p><strong>Namiq \u0130badov<\/strong><\/p>\n<p><strong>Suraxan\u0131 rayonu, 270 n\u00f6mr\u0259li tam orta m\u0259kt\u0259bin direktoru<\/strong><\/p>\n","protected":false},"excerpt":{"rendered":"<p>M\u00fcasir beyn\u0259lxalq m\u00fcnasib\u0259tl\u0259r sistemind\u0259 d\u00f6vl\u0259tl\u0259rin suveren h\u00fcquqlar\u0131n\u0131n qorunmas\u0131 v\u0259 m\u00fcst\u0259qil siyas\u0259t y\u00fcr\u00fctm\u0259si getdikc\u0259 daha m\u00fcr\u0259kk\u0259b xarakter al\u0131r. X\u00fcsusil\u0259<\/p>\n","protected":false},"author":1,"featured_media":39761,"comment_status":"closed","ping_status":"closed","sticky":false,"template":"","format":"standard","meta":{"footnotes":""},"categories":[1],"tags":[],"class_list":["post-39769","post","type-post","status-publish","format-standard","has-post-thumbnail","hentry","category-xbr-xtti"],"_links":{"self":[{"href":"https:\/\/rubin.az\/index.php?rest_route=\/wp\/v2\/posts\/39769","targetHints":{"allow":["GET"]}}],"collection":[{"href":"https:\/\/rubin.az\/index.php?rest_route=\/wp\/v2\/posts"}],"about":[{"href":"https:\/\/rubin.az\/index.php?rest_route=\/wp\/v2\/types\/post"}],"author":[{"embeddable":true,"href":"https:\/\/rubin.az\/index.php?rest_route=\/wp\/v2\/users\/1"}],"replies":[{"embeddable":true,"href":"https:\/\/rubin.az\/index.php?rest_route=%2Fwp%2Fv2%2Fcomments&post=39769"}],"version-history":[{"count":1,"href":"https:\/\/rubin.az\/index.php?rest_route=\/wp\/v2\/posts\/39769\/revisions"}],"predecessor-version":[{"id":39770,"href":"https:\/\/rubin.az\/index.php?rest_route=\/wp\/v2\/posts\/39769\/revisions\/39770"}],"wp:featuredmedia":[{"embeddable":true,"href":"https:\/\/rubin.az\/index.php?rest_route=\/wp\/v2\/media\/39761"}],"wp:attachment":[{"href":"https:\/\/rubin.az\/index.php?rest_route=%2Fwp%2Fv2%2Fmedia&parent=39769"}],"wp:term":[{"taxonomy":"category","embeddable":true,"href":"https:\/\/rubin.az\/index.php?rest_route=%2Fwp%2Fv2%2Fcategories&post=39769"},{"taxonomy":"post_tag","embeddable":true,"href":"https:\/\/rubin.az\/index.php?rest_route=%2Fwp%2Fv2%2Ftags&post=39769"}],"curies":[{"name":"wp","href":"https:\/\/api.w.org\/{rel}","templated":true}]}}