{"id":39767,"date":"2026-01-21T17:39:58","date_gmt":"2026-01-21T13:39:58","guid":{"rendered":"https:\/\/rubin.az\/?p=39767"},"modified":"2026-01-21T17:39:58","modified_gmt":"2026-01-21T13:39:58","slug":"az%c9%99rbaycanin-enerji-strategiyasi-avropadan-suriyaya-uzanan-ixrac-s%c9%99b%c9%99k%c9%99si","status":"publish","type":"post","link":"https:\/\/rubin.az\/?p=39767","title":{"rendered":"Az\u0259rbaycan\u0131n Enerji Strategiyas\u0131 &#8211; Avropadan Suriyaya Uzanan \u0130xrac \u015e\u0259b\u0259k\u0259si"},"content":{"rendered":"<p>M\u00fcasir d\u00fcnyada enerji t\u0259hl\u00fck\u0259sizliyi d\u00f6vl\u0259tl\u0259rin milli t\u0259hl\u00fck\u0259sizliyinin ayr\u0131lmaz t\u0259rkib hiss\u0259sin\u0259 \u00e7evrilib. Prezident \u0130lham \u018fliyevin 2026-c\u0131 ilin yanvar\u0131nda Davos \u0130qtisadi Forumu \u00e7\u0259r\u00e7iv\u0259sind\u0259 verdiyi b\u0259yanatlar Az\u0259rbaycan\u0131n bu sah\u0259d\u0259ki strateji bax\u0131\u015f\u0131n\u0131n n\u0259 q\u0259d\u0259r geni\u015f v\u0259 uzaqg\u00f6r\u0259n oldu\u011funu bir daha n\u00fcmayi\u015f etdirdi. Bu g\u00fcn Az\u0259rbaycan t\u0259kc\u0259 regional oyun\u00e7u deyil, h\u0259m d\u0259 Avropadan Yax\u0131n \u015e\u0259rq\u0259 q\u0259d\u0259r uzanan n\u0259h\u0259ng bir enerji \u015f\u0259b\u0259k\u0259sinin m\u0259rk\u0259zi qov\u015fa\u011f\u0131d\u0131r.<\/p>\n<p>Az\u0259rbaycan\u0131n enerji strategiyas\u0131n\u0131n \u0259n diqq\u0259t\u00e7\u0259k\u0259n v\u0259 yeni istiqam\u0259tl\u0259rind\u0259n biri ixrac co\u011frafiyas\u0131n\u0131n geni\u015fl\u0259nm\u0259sidir. Uzun ill\u0259rdir ki, Az\u0259rbaycan\u0131n t\u0259bii qaz\u0131 T\u00fcrkiy\u0259 v\u0259 Avropa bazarlar\u0131n\u0131n sabitliyini t\u0259min edirdi. Lakin 2026-c\u0131 ilin ba\u015flan\u011f\u0131c\u0131 il\u0259 b\u0259yan edil\u0259n \u0259n \u00f6n\u0259mli yenilikl\u0259rd\u0259n biri Az\u0259rbaycan qaz\u0131n\u0131n art\u0131q Suriyaya da ixrac edilm\u0259y\u0259 ba\u015flanmas\u0131d\u0131r.<\/p>\n<p>Bu add\u0131m Az\u0259rbaycan\u0131n enerji siyas\u0259tind\u0259 diversifikasiyan\u0131n (\u015fax\u0259l\u0259ndirm\u0259nin) pik n\u00f6qt\u0259sidir. T\u0259bii resurslara, m\u00fcasir n\u0259qliyyat sistemin\u0259 v\u0259 effektiv boru k\u0259m\u0259rl\u0259ri infrastrukturuna malik olmaq \u00f6lk\u0259miz\u0259 imkan verir ki, geosiyasi \u00e7\u0259tinlikl\u0259r\u0259 baxmayaraq, yeni bazarlara daxil olsun. Bu, h\u0259m d\u0259 Az\u0259rbaycan\u0131n boru k\u0259m\u0259ri vasit\u0259sil\u0259 qaz ixrac ed\u0259n \u00f6lk\u0259l\u0259r aras\u0131nda co\u011frafi \u0259hat\u0259 dair\u0259sin\u0259 g\u00f6r\u0259 d\u00fcnyada birinci yer\u0259 y\u00fcks\u0259lm\u0259sinin \u0259sas s\u0259b\u0259bidir.<\/p>\n<p>Az\u0259rbaycan qaz\u0131 \u00fc\u00e7\u00fcn premium bazar h\u0259l\u0259 d\u0259 Avropa olaraq qal\u0131r. Haz\u0131rda Az\u0259rbaycan\u0131n qaz ixrac etdiyi 16 \u00f6lk\u0259d\u0259n 10-u Avropa \u0130ttifaq\u0131n\u0131n \u00fczv\u00fcd\u00fcr. Bu, Avropan\u0131n enerji t\u0259hl\u00fck\u0259sizliyi arxitekturas\u0131nda Az\u0259rbaycan\u0131n \u0259v\u0259zolunmaz rolunu g\u00f6st\u0259rir.<\/p>\n<p>Avropa \u00f6lk\u0259l\u0259ri \u00fc\u00e7\u00fcn Az\u0259rbaycan qaz\u0131 sad\u0259c\u0259 bir enerji m\u0259nb\u0259yi deyil, h\u0259m d\u0259 enerji m\u0259nb\u0259l\u0259rinin diversifikasiyas\u0131 v\u0259 t\u0259hl\u00fck\u0259sizliyin g\u00fccl\u0259ndirilm\u0259si dem\u0259kdir. Az\u0259rbaycan \u00fc\u00e7\u00fcn is\u0259 bu, \u00f6z ehtiyatlar\u0131n\u0131 \u0259n y\u00fcks\u0259k qiym\u0259t\u0259 v\u0259 \u0259n stabil bazarda realla\u015fd\u0131rmaq f\u00fcrs\u0259tidir. D\u00f6vl\u0259t ba\u015f\u00e7\u0131s\u0131n\u0131n qeyd etdiyi kimi, bir \u00e7ox Avropa \u00f6lk\u0259si il\u0259 qurulan qar\u015f\u0131l\u0131ql\u0131 etimada \u0259saslanan m\u00fcnasib\u0259tl\u0259r bu iqtisadi \u0259m\u0259kda\u015fl\u0131\u011f\u0131n t\u0259m\u0259l da\u015f\u0131d\u0131r.<\/p>\n<p>Az\u0259rbaycan\u0131n enerji strategiyas\u0131 dinamik v\u0259 adaptiv xarakter da\u015f\u0131y\u0131r. Beyn\u0259lxalq m\u00fcnasib\u0259tl\u0259rd\u0259 &#8220;g\u00fcc qaydas\u0131&#8221;n\u0131n \u00f6n plana \u00e7\u0131xd\u0131\u011f\u0131 bir d\u00f6vrd\u0259, Az\u0259rbaycan \u00f6z enerji potensial\u0131n\u0131 milli maraqlar\u0131n\u0131n v\u0259 regional sabitliyin qorunmas\u0131 \u00fc\u00e7\u00fcn effektiv bir al\u0259t\u0259 \u00e7evirib.<\/p>\n<p>\u0130xrac \u015f\u0259b\u0259k\u0259sinin Avropan\u0131n m\u0259rk\u0259zind\u0259n Suriyan\u0131n d\u0259rinlikl\u0259rin\u0259 q\u0259d\u0259r uzanmas\u0131 Az\u0259rbaycan\u0131n qlobal enerji x\u0259rit\u0259sind\u0259ki yerini sars\u0131lmaz edir. Bu strateji u\u011fur h\u0259m \u00f6lk\u0259mizin iqtisadi q\u00fcdr\u0259tini art\u0131r\u0131r, h\u0259m d\u0259 Az\u0259rbaycan\u0131n beyn\u0259lxalq arenada m\u00fcst\u0259qil siyas\u0259t y\u00fcr\u00fcd\u0259n m\u00fch\u00fcm bir g\u00fcc m\u0259rk\u0259zi oldu\u011funu t\u0259sdiql\u0259yir.<\/p>\n<p><strong>Nizami Niftiyev<\/strong><\/p>\n<p><strong>Suraxan\u0131 rayonu, 196 n\u00f6mr\u0259li tam orta m\u0259kt\u0259bin direktoru<\/strong><\/p>\n","protected":false},"excerpt":{"rendered":"<p>M\u00fcasir d\u00fcnyada enerji t\u0259hl\u00fck\u0259sizliyi d\u00f6vl\u0259tl\u0259rin milli t\u0259hl\u00fck\u0259sizliyinin ayr\u0131lmaz t\u0259rkib hiss\u0259sin\u0259 \u00e7evrilib. Prezident \u0130lham \u018fliyevin 2026-c\u0131 ilin yanvar\u0131nda Davos<\/p>\n","protected":false},"author":1,"featured_media":39760,"comment_status":"closed","ping_status":"closed","sticky":false,"template":"","format":"standard","meta":{"footnotes":""},"categories":[1],"tags":[],"class_list":["post-39767","post","type-post","status-publish","format-standard","has-post-thumbnail","hentry","category-xbr-xtti"],"_links":{"self":[{"href":"https:\/\/rubin.az\/index.php?rest_route=\/wp\/v2\/posts\/39767","targetHints":{"allow":["GET"]}}],"collection":[{"href":"https:\/\/rubin.az\/index.php?rest_route=\/wp\/v2\/posts"}],"about":[{"href":"https:\/\/rubin.az\/index.php?rest_route=\/wp\/v2\/types\/post"}],"author":[{"embeddable":true,"href":"https:\/\/rubin.az\/index.php?rest_route=\/wp\/v2\/users\/1"}],"replies":[{"embeddable":true,"href":"https:\/\/rubin.az\/index.php?rest_route=%2Fwp%2Fv2%2Fcomments&post=39767"}],"version-history":[{"count":1,"href":"https:\/\/rubin.az\/index.php?rest_route=\/wp\/v2\/posts\/39767\/revisions"}],"predecessor-version":[{"id":39768,"href":"https:\/\/rubin.az\/index.php?rest_route=\/wp\/v2\/posts\/39767\/revisions\/39768"}],"wp:featuredmedia":[{"embeddable":true,"href":"https:\/\/rubin.az\/index.php?rest_route=\/wp\/v2\/media\/39760"}],"wp:attachment":[{"href":"https:\/\/rubin.az\/index.php?rest_route=%2Fwp%2Fv2%2Fmedia&parent=39767"}],"wp:term":[{"taxonomy":"category","embeddable":true,"href":"https:\/\/rubin.az\/index.php?rest_route=%2Fwp%2Fv2%2Fcategories&post=39767"},{"taxonomy":"post_tag","embeddable":true,"href":"https:\/\/rubin.az\/index.php?rest_route=%2Fwp%2Fv2%2Ftags&post=39767"}],"curies":[{"name":"wp","href":"https:\/\/api.w.org\/{rel}","templated":true}]}}