{"id":39765,"date":"2026-01-21T17:38:11","date_gmt":"2026-01-21T13:38:11","guid":{"rendered":"https:\/\/rubin.az\/?p=39765"},"modified":"2026-01-21T17:38:11","modified_gmt":"2026-01-21T13:38:11","slug":"sulhun-t%c9%99minatcisi-kimi-az%c9%99rbaycan-zayed-insan-qardasligi-mukafati-v%c9%99-regional-sabitlik","status":"publish","type":"post","link":"https:\/\/rubin.az\/?p=39765","title":{"rendered":"S\u00fclh\u00fcn T\u0259minat\u00e7\u0131s\u0131 Kimi Az\u0259rbaycan &#8211; &#8220;Zayed \u0130nsan Qarda\u015fl\u0131\u011f\u0131 M\u00fckafat\u0131&#8221; v\u0259 Regional Sabitlik"},"content":{"rendered":"<p>C\u0259nubi Qafqaz regionu onillikl\u0259r boyu davam ed\u0259n m\u00fcnaqi\u015f\u0259l\u0259rd\u0259n sonra tarixin \u0259n m\u00fch\u00fcm d\u00f6n\u00fc\u015f n\u00f6qt\u0259l\u0259rind\u0259n birini ya\u015fay\u0131r. Bu transformasiyan\u0131n m\u0259rk\u0259zind\u0259 dayanan Az\u0259rbaycan art\u0131q sad\u0259c\u0259 h\u0259rbi v\u0259 iqtisadi g\u00fcc kimi deyil, h\u0259m d\u0259 qlobal s\u00fclh\u00fcn t\u0259minat\u00e7\u0131s\u0131 v\u0259 yeni regional sabitlik modelinin memar\u0131 kimi \u00e7\u0131x\u0131\u015f edir. Prezident \u0130lham \u018fliyevin 2026-c\u0131 ilin yanvar\u0131nda Davosda &#8220;Euronews&#8221;a verdiyi m\u00fcsahib\u0259 v\u0259 layiq g\u00f6r\u00fcld\u00fcy\u00fc n\u00fcfuzlu beyn\u0259lxalq m\u00fckafat bu statusun d\u00fcnya miqyas\u0131nda t\u0259sdiqidir.<\/p>\n<p>2026-c\u0131 ilin yanvar ay\u0131nda Az\u0259rbaycan diplomatiyas\u0131 \u00fc\u00e7\u00fcn tarixi bir hadis\u0259 ba\u015f verdi. Birl\u0259\u015fmi\u015f \u018fr\u0259b \u018fmirlikl\u0259rinin (B\u018f\u018f) \u015eeyx Zayed Fondu t\u0259r\u0259find\u0259n t\u0259sis edilmi\u015f, humanizm v\u0259 s\u00fclh d\u0259y\u0259rl\u0259rinin r\u0259mzi olan &#8220;Zayed \u0130nsan Qarda\u015fl\u0131\u011f\u0131 M\u00fckafat\u0131&#8221; Prezident \u0130lham \u018fliyev\u0259 t\u0259qdim edildi. Bu n\u00fcfuzlu m\u00fckafat\u0131n m\u0259hz Az\u0259rbaycan liderin\u0259 verilm\u0259si t\u0259sad\u00fcfi deyil; bu, Qafqazda onillikl\u0259r \u0259rzind\u0259 davam ed\u0259n qanl\u0131 m\u00fcnaqi\u015f\u0259y\u0259 v\u0259 humanitar faci\u0259l\u0259r\u0259 son qoyan, regionu sabitliy\u0259 qovu\u015fduran siyasi irad\u0259y\u0259 veril\u0259n ali qiym\u0259tdir.<\/p>\n<p>M\u00fckafat\u0131n verilm\u0259sin\u0259 \u0259sas s\u0259b\u0259b kimi Az\u0259rbaycan il\u0259 Erm\u0259nistan aras\u0131nda s\u00fclh\u00fcn v\u0259 d\u00f6vl\u0259tl\u0259raras\u0131 m\u00fcnasib\u0259tl\u0259rin b\u0259rq\u0259rar olmas\u0131 istiqam\u0259tind\u0259 at\u0131lan tarixi add\u0131mlar, x\u00fcsusil\u0259 s\u00fclh sazi\u015finin paraflanmas\u0131 g\u00f6st\u0259rilmi\u015fdir. \u015eeyx Zayed Fondunun bu q\u0259rar\u0131 Az\u0259rbaycan\u0131n s\u00fclh t\u0259\u015f\u0259bb\u00fcsl\u0259rinin, dialoq v\u0259 birg\u0259ya\u015fay\u0131\u015f m\u0259d\u0259niyy\u0259tinin t\u0259\u015fviqi sah\u0259sind\u0259ki f\u0259aliyy\u0259tinin beyn\u0259lxalq humanitar diplomatiya m\u00fcst\u0259visind\u0259 m\u00fctl\u0259q q\u0259l\u0259b\u0259sidir.<\/p>\n<p>Az\u0259rbaycan\u0131n s\u00fclh strategiyas\u0131 &#8220;g\u00fcc yolu il\u0259 s\u00fclh&#8221; v\u0259 &#8220;dialoq yolu il\u0259 inki\u015faf&#8221; prinsipl\u0259rinin harmoniyas\u0131na s\u00f6yk\u0259nir. Prezident \u0130lham \u018fliyevin Davosda qeyd etdiyi kimi, regionda art\u0131q bir ne\u00e7\u0259 ayd\u0131r davam ed\u0259n s\u00fclh \u015f\u0259raiti Az\u0259rbaycan xalq\u0131 \u00fc\u00e7\u00fcn tamamil\u0259 yeni bir duy\u011fudur. Bu sabitlik t\u0259kc\u0259 silahlar\u0131n susmas\u0131 deyil, h\u0259m d\u0259 iqtisadi v\u0259 siyasi proqnozla\u015fd\u0131r\u0131lan bir g\u0259l\u0259c\u0259yin qurulmas\u0131 dem\u0259kdir.<\/p>\n<p>Prezidentin s\u00fclh diplomatiyas\u0131 sad\u0259c\u0259 s\u0259n\u0259dl\u0259rl\u0259 m\u0259hdudla\u015fm\u0131r; o, b\u00fct\u00fcn Qafqaz \u00fc\u00e7\u00fcn yeni bir f\u0259ls\u0259f\u0259 t\u0259klif edir. &#8220;Zayed \u0130nsan Qarda\u015fl\u0131\u011f\u0131 M\u00fckafat\u0131&#8221;n\u0131n f\u0259ls\u0259f\u0259sin\u0259 uy\u011fun olaraq, Az\u0259rbaycan f\u0259rqli m\u0259d\u0259niyy\u0259tl\u0259rin v\u0259 dinl\u0259rin birg\u0259ya\u015fay\u0131\u015f modelini regionda t\u0259tbiq edir. Bu model Erm\u0259nistan\u0131n da regional layih\u0259l\u0259r\u0259 c\u0259lb olunmas\u0131n\u0131 v\u0259 blokadadan \u00e7\u0131xar\u0131lmas\u0131n\u0131 n\u0259z\u0259rd\u0259 tutur ki, bu da birba\u015fa regional t\u0259hl\u00fck\u0259sizliy\u0259 xidm\u0259t edir.<\/p>\n<p>M\u00fcasir d\u00fcnyada &#8220;g\u00fcc qaydas\u0131&#8221;n\u0131n &#8220;h\u00fcquq qaydas\u0131&#8221;n\u0131 \u00fcst\u0259l\u0259diyi bir d\u00f6vrd\u0259 Az\u0259rbaycan s\u00fcbut etdi ki, g\u00fccl\u00fc d\u00f6vl\u0259t h\u0259m \u00f6z maraqlar\u0131n\u0131 qoruya, h\u0259m d\u0259 s\u00fclh\u00fcn \u0259sas t\u0259minat\u00e7\u0131s\u0131 ola bil\u0259r. Az\u0259rbaycan\u0131n bu u\u011furu yaln\u0131z bir d\u00f6vl\u0259tin z\u0259f\u0259ri deyil, h\u0259m d\u0259 b\u00fct\u00fcn C\u0259nubi Qafqaz\u0131n qlobal \u0259m\u0259kda\u015fl\u0131q x\u0259rit\u0259sind\u0259 stabil v\u0259 perspektivli bir m\u0259kana \u00e7evrilm\u0259si dem\u0259kdir.<\/p>\n<p>Az\u0259rbaycan\u0131n s\u00fclh diplomatiyas\u0131 h\u0259m &#8220;Zayed&#8221; m\u00fckafat\u0131 kimi ali beyn\u0259lxalq r\u0259mzl\u0259rl\u0259, h\u0259m d\u0259 real sah\u0259d\u0259 \u0259ld\u0259 olunan iqtisadi-siyasi sabitlikl\u0259 \u00f6z t\u0259sdiqini tap\u0131r. Regionda s\u00fclh\u00fcn arxitekturas\u0131n\u0131 quran Az\u0259rbaycan bu missiyas\u0131 il\u0259 h\u0259m d\u0259 b\u0259\u015f\u0259ri d\u0259y\u0259rl\u0259r\u0259 xidm\u0259t ed\u0259n qlobal liderl\u0259rd\u0259n biri oldu\u011funu g\u00f6st\u0259rir.<\/p>\n<p><strong>F\u0259r\u0259h H\u00fcseynova<\/strong><\/p>\n<p><strong>Suraxan\u0131 rayonu, 141 n\u00f6mr\u0259li tam orta m\u0259kt\u0259bin direktoru<\/strong><\/p>\n","protected":false},"excerpt":{"rendered":"<p>C\u0259nubi Qafqaz regionu onillikl\u0259r boyu davam ed\u0259n m\u00fcnaqi\u015f\u0259l\u0259rd\u0259n sonra tarixin \u0259n m\u00fch\u00fcm d\u00f6n\u00fc\u015f n\u00f6qt\u0259l\u0259rind\u0259n birini ya\u015fay\u0131r. Bu transformasiyan\u0131n<\/p>\n","protected":false},"author":1,"featured_media":39759,"comment_status":"closed","ping_status":"closed","sticky":false,"template":"","format":"standard","meta":{"footnotes":""},"categories":[1],"tags":[],"class_list":["post-39765","post","type-post","status-publish","format-standard","has-post-thumbnail","hentry","category-xbr-xtti"],"_links":{"self":[{"href":"https:\/\/rubin.az\/index.php?rest_route=\/wp\/v2\/posts\/39765","targetHints":{"allow":["GET"]}}],"collection":[{"href":"https:\/\/rubin.az\/index.php?rest_route=\/wp\/v2\/posts"}],"about":[{"href":"https:\/\/rubin.az\/index.php?rest_route=\/wp\/v2\/types\/post"}],"author":[{"embeddable":true,"href":"https:\/\/rubin.az\/index.php?rest_route=\/wp\/v2\/users\/1"}],"replies":[{"embeddable":true,"href":"https:\/\/rubin.az\/index.php?rest_route=%2Fwp%2Fv2%2Fcomments&post=39765"}],"version-history":[{"count":1,"href":"https:\/\/rubin.az\/index.php?rest_route=\/wp\/v2\/posts\/39765\/revisions"}],"predecessor-version":[{"id":39766,"href":"https:\/\/rubin.az\/index.php?rest_route=\/wp\/v2\/posts\/39765\/revisions\/39766"}],"wp:featuredmedia":[{"embeddable":true,"href":"https:\/\/rubin.az\/index.php?rest_route=\/wp\/v2\/media\/39759"}],"wp:attachment":[{"href":"https:\/\/rubin.az\/index.php?rest_route=%2Fwp%2Fv2%2Fmedia&parent=39765"}],"wp:term":[{"taxonomy":"category","embeddable":true,"href":"https:\/\/rubin.az\/index.php?rest_route=%2Fwp%2Fv2%2Fcategories&post=39765"},{"taxonomy":"post_tag","embeddable":true,"href":"https:\/\/rubin.az\/index.php?rest_route=%2Fwp%2Fv2%2Ftags&post=39765"}],"curies":[{"name":"wp","href":"https:\/\/api.w.org\/{rel}","templated":true}]}}