{"id":39763,"date":"2026-01-21T17:14:11","date_gmt":"2026-01-21T13:14:11","guid":{"rendered":"https:\/\/rubin.az\/?p=39763"},"modified":"2026-01-21T17:14:11","modified_gmt":"2026-01-21T13:14:11","slug":"c%c9%99nubi-qafqazda-tarixi-donus-erm%c9%99nistan-il%c9%99-iqtisadi-em%c9%99kdasligin-baslangici","status":"publish","type":"post","link":"https:\/\/rubin.az\/?p=39763","title":{"rendered":"C\u0259nubi Qafqazda Tarixi D\u00f6n\u00fc\u015f &#8211; Erm\u0259nistan il\u0259 \u0130qtisadi \u018fm\u0259kda\u015fl\u0131\u011f\u0131n Ba\u015flan\u011f\u0131c\u0131"},"content":{"rendered":"<p>Prezident \u0130lham \u018fliyevin 2026-c\u0131 ilin yanvar\u0131nda Davosda &#8220;Euronews&#8221; televiziyas\u0131na verdiyi m\u00fcsahib\u0259 C\u0259nubi Qafqaz regionunda ba\u015f ver\u0259n fundamental d\u0259yi\u015fiklikl\u0259ri bir daha t\u0259sdiql\u0259di. Otuz ild\u0259n art\u0131q davam ed\u0259n m\u00fcnaqi\u015f\u0259 v\u0259 qan t\u00f6k\u00fclm\u0259sind\u0259n sonra region yeni inki\u015faf m\u0259rh\u0259l\u0259sin\u0259 q\u0259d\u0259m qoyur. Art\u0131q be\u015f-alt\u0131 ayd\u0131r ki, regionda s\u00fclh \u015f\u0259raiti h\u00f6km s\u00fcr\u00fcr v\u0259 bu, Az\u0259rbaycan\u0131n m\u00fcst\u0259qillik tarixind\u0259 ya\u015famad\u0131\u011f\u0131 x\u00fcsusi bir hiss v\u0259 b\u00f6y\u00fck f\u00fcrs\u0259tdir. \u018fn \u0259sas\u0131 is\u0259, iki \u00f6lk\u0259 aras\u0131ndak\u0131 m\u00fcnasib\u0259tl\u0259r sad\u0259c\u0259 at\u0259\u015fk\u0259s s\u0259viyy\u0259sind\u0259 qalmay\u0131b, real iqtisadi \u0259m\u0259kda\u015fl\u0131\u011fa \u00e7evrilm\u0259kd\u0259dir.<\/p>\n<p>Bu tarixi d\u00f6n\u00fc\u015f\u00fcn \u0259n bariz n\u00fcmun\u0259si Az\u0259rbaycan v\u0259 Erm\u0259nistan aras\u0131nda iqtisadi mane\u0259l\u0259rin aradan qald\u0131r\u0131lmas\u0131d\u0131r. Az\u0259rbaycan t\u0259r\u0259fi Erm\u0259nistana ged\u0259n y\u00fckl\u0259rin da\u015f\u0131nmas\u0131nda b\u00fct\u00fcn m\u0259hdudiyy\u0259tl\u0259ri l\u0259\u011fv etmi\u015fdir. Daha da \u00f6n\u0259mlisi, Az\u0259rbaycan Erm\u0259nistan iqtisadiyyat\u0131n\u0131n b\u00f6y\u00fck d\u0259r\u0259c\u0259d\u0259 as\u0131l\u0131 oldu\u011fu \u0259sas mallar\u0131n, ilk n\u00f6vb\u0259d\u0259 neft m\u0259hsullar\u0131n\u0131n h\u0259min \u00f6lk\u0259y\u0259 t\u0259chizat\u0131na ba\u015flam\u0131\u015fd\u0131r.<\/p>\n<p>&nbsp;<\/p>\n<p>Enerji \u0259m\u0259kda\u015fl\u0131\u011f\u0131 bu yeni m\u00fcnasib\u0259tl\u0259rin m\u0259rk\u0259zind\u0259 dayan\u0131r. Az\u0259rbaycan C\u0259nubi Qafqaz\u0131n enerji ehtiyatlar\u0131na malik olan v\u0259 ixrac ed\u0259n yegan\u0259 \u00f6lk\u0259sidir. Uzun ill\u0259r G\u00fcrc\u00fcstan bu ehtiyatlardan b\u0259hr\u0259l\u0259ndiyi kimi, art\u0131q Erm\u0259nistan da enerji resurslar\u0131n\u0131 Az\u0259rbaycandan idxal etm\u0259y\u0259 ba\u015flam\u0131\u015fd\u0131r. Bu v\u0259ziyy\u0259t &#8220;h\u0259r k\u0259sin qazand\u0131\u011f\u0131&#8221; bir model yarad\u0131r v\u0259 t\u0259r\u0259fl\u0259r aras\u0131nda etimad\u0131n yaranmas\u0131na xidm\u0259t edir.<\/p>\n<p>&nbsp;<\/p>\n<p>\u0130qtisadi \u0259laq\u0259l\u0259rin b\u0259rpas\u0131 siyasi sabitliyin n\u0259tic\u0259sidir. \u00d6t\u0259n ilin avqustunda A\u011f Evd\u0259 Az\u0259rbaycan v\u0259 Erm\u0259nistan aras\u0131nda s\u00fclh m\u00fcqavil\u0259sinin paraflanmas\u0131 bu prosesin h\u00fcquqi bazas\u0131n\u0131 formala\u015fd\u0131rm\u0131\u015fd\u0131r. Prezident \u0130lham \u018fliyevin qeyd etdiyi kimi, strateji m\u0259qs\u0259d milli maraqlar \u0259sas\u0131nda beyn\u0259lxalq h\u00fcquqa riay\u0259t ed\u0259r\u0259k n\u0259tic\u0259 \u0259ld\u0259 etm\u0259k idi. Bu g\u00fcn Erm\u0259nistan\u0131n \u00f6z\u00fc d\u0259 Az\u0259rbaycanla \u0259laq\u0259l\u0259ri y\u00fcks\u0259k qiym\u0259tl\u0259ndirir.<\/p>\n<p>&nbsp;<\/p>\n<p>Regionda sabitlik, proqnozla\u015fd\u0131r\u0131lma v\u0259 s\u00fclh \u0259n b\u00f6y\u00fck s\u0259rv\u0259t hesab olunur. \u0130\u015f\u011faldan v\u0259 m\u00fcharib\u0259d\u0259n \u0259ziyy\u0259t \u00e7\u0259kmi\u015f bir region \u00fc\u00e7\u00fcn s\u00fclh v\u0259 sabitlik u\u011fur qazanma\u011f\u0131n yegan\u0259 yoludur. Az\u0259rbaycan d\u00f6vl\u0259ti inan\u0131r ki, Erm\u0259nistan v\u0259 Az\u0259rbaycan\u0131n, el\u0259c\u0259 d\u0259 v\u0259t\u0259nda\u015f c\u0259miyy\u0259tinin birg\u0259 s\u0259yl\u0259ri il\u0259 Qafqazda sad\u0259c\u0259 uzunm\u00fcdd\u0259tli deyil, \u0259b\u0259di s\u00fclh\u0259 nail olunacaq.<\/p>\n<p>&nbsp;<\/p>\n<p>C\u0259nubi Qafqazda ba\u015f ver\u0259n bu prosesl\u0259r g\u00f6st\u0259rir ki, region \u00f6lk\u0259l\u0259ri \u00f6z strategiyalar\u0131n\u0131 potensiallar\u0131na uy\u011funla\u015fd\u0131raraq ilk n\u00f6vb\u0259d\u0259 qon\u015fular\u0131 il\u0259 yax\u015f\u0131 m\u00fcnasib\u0259tl\u0259r qurmal\u0131d\u0131r. Az\u0259rbaycan\u0131n yaratd\u0131\u011f\u0131 bu yeni reall\u0131q h\u0259m regional sabitliy\u0259 t\u00f6hf\u0259 verir, h\u0259m d\u0259 iqtisadi inki\u015faf \u00fc\u00e7\u00fcn yeni \u00fcf\u00fcql\u0259r a\u00e7\u0131r. \u0130qtisadi \u0259m\u0259kda\u015fl\u0131\u011f\u0131n ba\u015flamas\u0131 d\u00fc\u015fm\u0259n\u00e7ilik s\u0259hif\u0259sinin ba\u011flanmas\u0131 v\u0259 dinc birg\u0259ya\u015fay\u0131\u015f eras\u0131n\u0131n ba\u015flan\u011f\u0131c\u0131 dem\u0259kdir.<\/p>\n<p>&nbsp;<\/p>\n<p><strong>K\u0259r\u0259m Mehdiyev <\/strong><\/p>\n<p><strong>Suraxan\u0131 rayonu, 104 n\u00f6mr\u0259li tam orta m\u0259kt\u0259bin direktoru<\/strong><\/p>\n","protected":false},"excerpt":{"rendered":"<p>Prezident \u0130lham \u018fliyevin 2026-c\u0131 ilin yanvar\u0131nda Davosda &#8220;Euronews&#8221; televiziyas\u0131na verdiyi m\u00fcsahib\u0259 C\u0259nubi Qafqaz regionunda ba\u015f ver\u0259n fundamental d\u0259yi\u015fiklikl\u0259ri<\/p>\n","protected":false},"author":1,"featured_media":39758,"comment_status":"closed","ping_status":"closed","sticky":false,"template":"","format":"standard","meta":{"footnotes":""},"categories":[1],"tags":[],"class_list":["post-39763","post","type-post","status-publish","format-standard","has-post-thumbnail","hentry","category-xbr-xtti"],"_links":{"self":[{"href":"https:\/\/rubin.az\/index.php?rest_route=\/wp\/v2\/posts\/39763","targetHints":{"allow":["GET"]}}],"collection":[{"href":"https:\/\/rubin.az\/index.php?rest_route=\/wp\/v2\/posts"}],"about":[{"href":"https:\/\/rubin.az\/index.php?rest_route=\/wp\/v2\/types\/post"}],"author":[{"embeddable":true,"href":"https:\/\/rubin.az\/index.php?rest_route=\/wp\/v2\/users\/1"}],"replies":[{"embeddable":true,"href":"https:\/\/rubin.az\/index.php?rest_route=%2Fwp%2Fv2%2Fcomments&post=39763"}],"version-history":[{"count":1,"href":"https:\/\/rubin.az\/index.php?rest_route=\/wp\/v2\/posts\/39763\/revisions"}],"predecessor-version":[{"id":39764,"href":"https:\/\/rubin.az\/index.php?rest_route=\/wp\/v2\/posts\/39763\/revisions\/39764"}],"wp:featuredmedia":[{"embeddable":true,"href":"https:\/\/rubin.az\/index.php?rest_route=\/wp\/v2\/media\/39758"}],"wp:attachment":[{"href":"https:\/\/rubin.az\/index.php?rest_route=%2Fwp%2Fv2%2Fmedia&parent=39763"}],"wp:term":[{"taxonomy":"category","embeddable":true,"href":"https:\/\/rubin.az\/index.php?rest_route=%2Fwp%2Fv2%2Fcategories&post=39763"},{"taxonomy":"post_tag","embeddable":true,"href":"https:\/\/rubin.az\/index.php?rest_route=%2Fwp%2Fv2%2Ftags&post=39763"}],"curies":[{"name":"wp","href":"https:\/\/api.w.org\/{rel}","templated":true}]}}