{"id":39756,"date":"2026-01-21T17:09:56","date_gmt":"2026-01-21T13:09:56","guid":{"rendered":"https:\/\/rubin.az\/?p=39756"},"modified":"2026-01-21T17:09:56","modified_gmt":"2026-01-21T13:09:56","slug":"beyn%c9%99lxalq-munasib%c9%99tl%c9%99rd%c9%99-yeni-era-guc-qaydasi-v%c9%99-milli-maraqlarin-t%c9%99mini","status":"publish","type":"post","link":"https:\/\/rubin.az\/?p=39756","title":{"rendered":"Beyn\u0259lxalq M\u00fcnasib\u0259tl\u0259rd\u0259 Yeni Era &#8211; G\u00fcc Qaydas\u0131 v\u0259 Milli Maraqlar\u0131n T\u0259mini"},"content":{"rendered":"<p>M\u00fcasir d\u00fcnya nizam\u0131 fundamental d\u0259yi\u015fiklikl\u0259r m\u0259rh\u0259l\u0259sind\u0259n ke\u00e7ir. Prezident \u0130lham \u018fliyevin 2026-c\u0131 ilin yanvar\u0131nda Davosda verdiyi m\u00fcsahib\u0259 beyn\u0259lxalq m\u00fcnasib\u0259tl\u0259rin art\u0131q yeni bir eraya q\u0259d\u0259m qoydu\u011funun bariz g\u00f6st\u0259ricisidir. Bu yeni d\u00f6vr\u00fcn \u0259n s\u0259ciyy\u0259vi x\u00fcsusiyy\u0259ti odur ki, beyn\u0259lxalq h\u00fcquq normalar\u0131 art\u0131q d\u00fcnya birliyinin b\u00fct\u00fcn \u00fczvl\u0259ri \u00fc\u00e7\u00fcn m\u00fctl\u0259q xarakter da\u015f\u0131m\u0131r. \u018fvv\u0259lki onillikl\u0259rd\u0259n f\u0259rqli olaraq, haz\u0131rda qlobal m\u00fcst\u0259vid\u0259 v\u0259ziyy\u0259ti qanunun aliliyi deyil, g\u00fcc qaydas\u0131 idar\u0259 edir.<\/p>\n<p>M\u00f6vcud reall\u0131qlar h\u0259r bir \u00f6lk\u0259d\u0259n \u00f6z xarici siyas\u0259tini v\u0259 milli strategiyas\u0131n\u0131 yenid\u0259n n\u0259z\u0259rd\u0259n ke\u00e7irm\u0259yi t\u0259l\u0259b edir. Az\u0259rbaycan bu prosesd\u0259 \u00e7eviklik n\u00fcmayi\u015f etdir\u0259r\u0259k, \u00f6z siyas\u0259tini real potensial\u0131na uy\u011funla\u015fd\u0131rma\u011f\u0131 bacarm\u0131\u015fd\u0131r. D\u00f6vl\u0259timizin strateji m\u0259qs\u0259di beyn\u0259lxalq h\u00fcquqa tam riay\u0259t etm\u0259kl\u0259 yana\u015f\u0131, milli maraqlar \u0259sas\u0131nda konkret n\u0259tic\u0259l\u0259r \u0259ld\u0259 etm\u0259kd\u0259n ibar\u0259t olub. Bu yana\u015fma, x\u00fcsusil\u0259 \u0259razi b\u00fct\u00f6vl\u00fcy\u00fcm\u00fcz\u00fcn v\u0259 suverenliyimizin b\u0259rpas\u0131 m\u0259s\u0259l\u0259sind\u0259 \u00f6z\u00fcn\u00fc do\u011frultdu. G\u00f6r\u00fcl\u0259n i\u015fl\u0259r h\u0259m beyn\u0259lxalq h\u00fcquqa, h\u0259m d\u0259 \u00fcmumi b\u0259\u015f\u0259ri d\u0259y\u0259rl\u0259r\u0259 tam uy\u011fun \u015f\u0259kild\u0259 h\u0259yata ke\u00e7irildi.<\/p>\n<p>Yeni eran\u0131n g\u0259tirdiyi \u0259n b\u00f6y\u00fck f\u00fcrs\u0259tl\u0259rd\u0259n biri C\u0259nubi Qafqaz\u0131n uzunm\u00fcdd\u0259tli m\u00fcnaqi\u015f\u0259d\u0259n sonra s\u00fclh m\u0259rh\u0259l\u0259sin\u0259 ke\u00e7ididir. Art\u0131q regionda be\u015f-alt\u0131 ayd\u0131r davam ed\u0259n s\u00fclh \u015f\u0259raiti Az\u0259rbaycan\u0131n apard\u0131\u011f\u0131 m\u0259qs\u0259dy\u00f6nl\u00fc siyas\u0259tin n\u0259tic\u0259sidir. Bu s\u0259yl\u0259r beyn\u0259lxalq s\u0259viyy\u0259d\u0259 d\u0259 y\u00fcks\u0259k qiym\u0259tl\u0259ndirilir; &#8220;Zayed \u0130nsan Qarda\u015fl\u0131\u011f\u0131 M\u00fckafat\u0131&#8221;n\u0131n Prezident\u0259 t\u0259qdim edilm\u0259si otuz illik qan t\u00f6k\u00fclm\u0259sind\u0259n sonra Qafqazda s\u00fclh\u00fcn qurulmas\u0131na veril\u0259n b\u00f6y\u00fck t\u00f6hf\u0259 kimi q\u0259bul edilir.<\/p>\n<p>Az\u0259rbaycan\u0131n milli maraqlar\u0131n\u0131n t\u0259mini h\u0259m d\u0259 onun enerji diplomatiyas\u0131 il\u0259 s\u0131x ba\u011fl\u0131d\u0131r. \u00d6lk\u0259miz C\u0259nubi Qafqazda neft v\u0259 qaz ixrac ed\u0259n yegan\u0259 d\u00f6vl\u0259t olaraq, h\u0259m G\u00fcrc\u00fcstan\u0131n, h\u0259m d\u0259 art\u0131q Erm\u0259nistan\u0131n enerji ehtiyatlar\u0131n\u0131 t\u0259min edir. Qlobal m\u00fcst\u0259vid\u0259 is\u0259 Az\u0259rbaycan 16 \u00f6lk\u0259y\u0259, o c\u00fcmld\u0259n 10 Avropa \u0130ttifaq\u0131 \u00fczv\u00fcn\u0259 qaz ixrac ed\u0259r\u0259k enerji t\u0259hl\u00fck\u0259sizliyind\u0259 \u0259sas oyun\u00e7ulardan birin\u0259 \u00e7evrilib. H\u0259tta Suriya kimi yeni bazarlara \u00e7\u0131x\u0131\u015f, Az\u0259rbaycan\u0131n boru k\u0259m\u0259ri qaz\u0131 \u00fczr\u0259 co\u011frafi \u0259hat\u0259sin\u0259 g\u00f6r\u0259 d\u00fcnyada birinci yer\u0259 y\u00fcks\u0259lm\u0259sini t\u0259min edib.<\/p>\n<p>&nbsp;<\/p>\n<p>Daxili sabitliyin qorunmas\u0131 is\u0259 xarici riskl\u0259rin idar\u0259 olunmas\u0131ndan ke\u00e7ir. \u00d6lk\u0259 daxilind\u0259 he\u00e7 bir potensial risk olmasa da, regionda, x\u00fcsusil\u0259 \u0130randa ba\u015f ver\u0259n qeyri-sabitlik Bak\u0131n\u0131 narahat ed\u0259n amill\u0259rd\u0259ndir. \u00c7\u00fcnki proqnozla\u015fd\u0131r\u0131lan enerji bazar\u0131 v\u0259 s\u00fclh \u015f\u0259raiti h\u0259m hasilat\u00e7\u0131, h\u0259m d\u0259 istehlak\u00e7\u0131 \u00f6lk\u0259l\u0259rin inki\u015faf\u0131 \u00fc\u00e7\u00fcn yegan\u0259 yoldur.<\/p>\n<p>Milli maraqlar\u0131n t\u0259mini h\u0259m d\u0259 xarici t\u0259zyiql\u0259r\u0259 qar\u015f\u0131 davaml\u0131l\u0131q t\u0259l\u0259b edir. Az\u0259rbaycan Avropa Parlamentinin ill\u0259rdir davam ed\u0259n q\u0259r\u0259zli t\u0259nqidl\u0259rin\u0259 art\u0131q reaksiya vermir. Bu q\u0259r\u0259zin arxas\u0131nda m\u00fcst\u0259qil siyas\u0259timizi h\u0259zm ed\u0259 bilm\u0259y\u0259n x\u00fcsusi lobbi qruplar\u0131n\u0131n dayand\u0131\u011f\u0131 ayd\u0131nd\u0131r. Az\u0259rbaycan Avropa Komissiyas\u0131 il\u0259 konstruktiv \u0259m\u0259kda\u015fl\u0131\u011f\u0131 davam etdirs\u0259 d\u0259, \u0259dal\u0259tsiz m\u00f6vqe s\u0259rgil\u0259y\u0259n parlament strukturlar\u0131 il\u0259 \u0259laq\u0259l\u0259ri dayand\u0131r\u0131b.<\/p>\n<p>&nbsp;<\/p>\n<p><strong>Maqsud \u018fhm\u0259dov<\/strong><\/p>\n<p><strong>Suraxan\u0131 rayonu, 85 n\u00f6mr\u0259li tam orta m\u0259kt\u0259bin direktoru<\/strong><\/p>\n","protected":false},"excerpt":{"rendered":"<p>M\u00fcasir d\u00fcnya nizam\u0131 fundamental d\u0259yi\u015fiklikl\u0259r m\u0259rh\u0259l\u0259sind\u0259n ke\u00e7ir. Prezident \u0130lham \u018fliyevin 2026-c\u0131 ilin yanvar\u0131nda Davosda verdiyi m\u00fcsahib\u0259 beyn\u0259lxalq m\u00fcnasib\u0259tl\u0259rin<\/p>\n","protected":false},"author":1,"featured_media":39757,"comment_status":"closed","ping_status":"closed","sticky":false,"template":"","format":"standard","meta":{"footnotes":""},"categories":[1],"tags":[],"class_list":["post-39756","post","type-post","status-publish","format-standard","has-post-thumbnail","hentry","category-xbr-xtti"],"_links":{"self":[{"href":"https:\/\/rubin.az\/index.php?rest_route=\/wp\/v2\/posts\/39756","targetHints":{"allow":["GET"]}}],"collection":[{"href":"https:\/\/rubin.az\/index.php?rest_route=\/wp\/v2\/posts"}],"about":[{"href":"https:\/\/rubin.az\/index.php?rest_route=\/wp\/v2\/types\/post"}],"author":[{"embeddable":true,"href":"https:\/\/rubin.az\/index.php?rest_route=\/wp\/v2\/users\/1"}],"replies":[{"embeddable":true,"href":"https:\/\/rubin.az\/index.php?rest_route=%2Fwp%2Fv2%2Fcomments&post=39756"}],"version-history":[{"count":1,"href":"https:\/\/rubin.az\/index.php?rest_route=\/wp\/v2\/posts\/39756\/revisions"}],"predecessor-version":[{"id":39762,"href":"https:\/\/rubin.az\/index.php?rest_route=\/wp\/v2\/posts\/39756\/revisions\/39762"}],"wp:featuredmedia":[{"embeddable":true,"href":"https:\/\/rubin.az\/index.php?rest_route=\/wp\/v2\/media\/39757"}],"wp:attachment":[{"href":"https:\/\/rubin.az\/index.php?rest_route=%2Fwp%2Fv2%2Fmedia&parent=39756"}],"wp:term":[{"taxonomy":"category","embeddable":true,"href":"https:\/\/rubin.az\/index.php?rest_route=%2Fwp%2Fv2%2Fcategories&post=39756"},{"taxonomy":"post_tag","embeddable":true,"href":"https:\/\/rubin.az\/index.php?rest_route=%2Fwp%2Fv2%2Ftags&post=39756"}],"curies":[{"name":"wp","href":"https:\/\/api.w.org\/{rel}","templated":true}]}}