{"id":39557,"date":"2026-01-17T16:00:35","date_gmt":"2026-01-17T12:00:35","guid":{"rendered":"http:\/\/rubin.az\/?p=39557"},"modified":"2026-01-17T16:00:35","modified_gmt":"2026-01-17T12:00:35","slug":"olk%c9%99mizin-suriya-munaqis%c9%99sind%c9%99-kurdl%c9%99r%c9%99-qarsi-dusm%c9%99n-munasib%c9%99t-s%c9%99rgil%c9%99m%c9%99si-dezinformasiyadir","status":"publish","type":"post","link":"https:\/\/rubin.az\/?p=39557","title":{"rendered":"\u00d6lk\u0259mizin Suriya m\u00fcnaqi\u015f\u0259sind\u0259 k\u00fcrdl\u0259r\u0259 qar\u015f\u0131 d\u00fc\u015fm\u0259n m\u00fcnasib\u0259t s\u0259rgil\u0259m\u0259si dezinformasiyad\u0131r"},"content":{"rendered":"<p><img decoding=\"async\" src=\"https:\/\/apa.az\/storage\/news\/2026\/january\/17\/resize\/696b782817eef696b782817ef01768650792696b782817eed696b782817eee.jpg\" \/><\/p>\n<div itemprop=\"articleBody\">\n<p>&#8220;T\u00fcrkiy\u0259nin Suriya m\u00fcnaqi\u015f\u0259sind\u0259 k\u00fcrdl\u0259r\u0259 qar\u015f\u0131 d\u00fc\u015fm\u0259n m\u00fcnasib\u0259t s\u0259rgil\u0259m\u0259si, prezidentimizin v\u0259 nazirl\u0259rimizin bununla ba\u011fl\u0131 a\u00e7\u0131qlamalar verm\u0259si iddialar\u0131 tamamil\u0259 \u0259sass\u0131zd\u0131r&#8221;. <\/p>\n<p><a href=\"https:\/\/apa.az\" class=\"hyperlink\" target=\"_blank\">APA<\/a>-n\u0131n T\u00fcrkiy\u0259 b\u00fcrosu x\u0259b\u0259r verir ki, bu bar\u0259d\u0259 T\u00fcrkiy\u0259 Prezident Adminstrasiyas\u0131 Kommunikasiya \u0130dar\u0259si Dezinformasiya il\u0259 m\u00fcbariz\u0259 \u015f\u00f6b\u0259si m\u0259lumat yay\u0131b.<\/p>\n<p>A\u00e7\u0131qlamada terrorizmi v\u0259 terror t\u0259\u015fkilatlar\u0131n\u0131 h\u0259d\u0259f alan b\u0259yanatlar kontekstd\u0259n \u00e7\u0131xar\u0131laraq dezinformasiya m\u0259qs\u0259dil\u0259 m\u00fcxt\u0259lif media orqanlar\u0131 v\u0259 sosial media hesablar\u0131 vasit\u0259sil\u0259 yay\u0131ld\u0131\u011f\u0131 bildirilir:<\/p>\n<p>\u201cBiz ictimaiyy\u0259td\u0259n v\u0259 \u0259srl\u0259r boyu ortaq d\u0259y\u0259rl\u0259ri payla\u015fd\u0131\u011f\u0131m\u0131z dostlar\u0131m\u0131z, qarda\u015flar\u0131m\u0131z v\u0259 qon\u015fular\u0131m\u0131zdan bu pis v\u0259 h\u0259qiq\u0259t\u0259 uy\u011fun olmayan iddialara m\u0259h\u0259l qoymamalar\u0131n\u0131 h\u00f6rm\u0259tl\u0259 xahi\u015f edirik\u201d.<\/p>\n<\/p><\/div>\n","protected":false},"excerpt":{"rendered":"<p>&#8220;T\u00fcrkiy\u0259nin Suriya m\u00fcnaqi\u015f\u0259sind\u0259 k\u00fcrdl\u0259r\u0259 qar\u015f\u0131 d\u00fc\u015fm\u0259n m\u00fcnasib\u0259t s\u0259rgil\u0259m\u0259si, prezidentimizin v\u0259 nazirl\u0259rimizin bununla ba\u011fl\u0131 a\u00e7\u0131qlamalar verm\u0259si iddialar\u0131 tamamil\u0259 \u0259sass\u0131zd\u0131r&#8221;.<\/p>\n","protected":false},"author":1,"featured_media":39558,"comment_status":"","ping_status":"","sticky":false,"template":"","format":"standard","meta":{"footnotes":""},"categories":[18],"tags":[],"class_list":["post-39557","post","type-post","status-publish","format-standard","has-post-thumbnail","hentry","category-gundm"],"_links":{"self":[{"href":"https:\/\/rubin.az\/index.php?rest_route=\/wp\/v2\/posts\/39557","targetHints":{"allow":["GET"]}}],"collection":[{"href":"https:\/\/rubin.az\/index.php?rest_route=\/wp\/v2\/posts"}],"about":[{"href":"https:\/\/rubin.az\/index.php?rest_route=\/wp\/v2\/types\/post"}],"author":[{"embeddable":true,"href":"https:\/\/rubin.az\/index.php?rest_route=\/wp\/v2\/users\/1"}],"replies":[{"embeddable":true,"href":"https:\/\/rubin.az\/index.php?rest_route=%2Fwp%2Fv2%2Fcomments&post=39557"}],"version-history":[{"count":0,"href":"https:\/\/rubin.az\/index.php?rest_route=\/wp\/v2\/posts\/39557\/revisions"}],"wp:featuredmedia":[{"embeddable":true,"href":"https:\/\/rubin.az\/index.php?rest_route=\/wp\/v2\/media\/39558"}],"wp:attachment":[{"href":"https:\/\/rubin.az\/index.php?rest_route=%2Fwp%2Fv2%2Fmedia&parent=39557"}],"wp:term":[{"taxonomy":"category","embeddable":true,"href":"https:\/\/rubin.az\/index.php?rest_route=%2Fwp%2Fv2%2Fcategories&post=39557"},{"taxonomy":"post_tag","embeddable":true,"href":"https:\/\/rubin.az\/index.php?rest_route=%2Fwp%2Fv2%2Ftags&post=39557"}],"curies":[{"name":"wp","href":"https:\/\/api.w.org\/{rel}","templated":true}]}}