{"id":39555,"date":"2026-01-17T14:59:48","date_gmt":"2026-01-17T10:59:48","guid":{"rendered":"http:\/\/rubin.az\/?p=39555"},"modified":"2026-01-17T14:59:48","modified_gmt":"2026-01-17T10:59:48","slug":"londonda-etirazcilar-iran-s%c9%99firliyinin-bayragini-yenid%c9%99n-endirib","status":"publish","type":"post","link":"https:\/\/rubin.az\/?p=39555","title":{"rendered":"Londonda etiraz\u00e7\u0131lar \u0130ran s\u0259firliyinin bayra\u011f\u0131n\u0131 yenid\u0259n endirib"},"content":{"rendered":"<p><img decoding=\"async\" src=\"https:\/\/apa.az\/storage\/news\/2026\/january\/17\/resize\/696b6ae808284696b6ae8082851768647400696b6ae808282696b6ae808283.png\" \/><\/p>\n<div itemprop=\"articleBody\">\n<p><span style=\"font-size:12pt\"><span style=\"font-family:&quot;Times New Roman&quot;\">Londonda etiraz\u00e7\u0131lar \u0130ran s\u0259firliyinin bayra\u011f\u0131n\u0131 bir h\u0259ft\u0259 \u0259rzind\u0259 ikinci d\u0259f\u0259 endir\u0259r\u0259k polisl\u0259 qar\u015f\u0131durmaya girib.<\/span><\/span><\/p>\n<p><span style=\"font-size:12pt\"><span style=\"font-family:&quot;Times New Roman&quot;\"><a href=\"https:\/\/apa.az\" class=\"hyperlink\" target=\"_blank\">APA<\/a> x\u0259b\u0259r verir ki, bu bar\u0259d\u0259 \u201cTelegraph\u201d m\u0259lumat yay\u0131b.<\/span><\/span><\/p>\n<p><span style=\"font-size:12pt\"><span style=\"font-family:&quot;Times New Roman&quot;\">M\u0259lumata g\u00f6r\u0259, \u015f\u0259h\u0259rin Kensinqton rayonunda bir n\u00fcmayi\u015f\u00e7i s\u0259firliyin eyvan\u0131na qalxaraq bayra\u011f\u0131 \u00e7\u0131xararaq yer\u0259 at\u0131b v\u0259 \u00fcz\u0259rind\u0259 \u201c\u015eir v\u0259 G\u00fcn\u0259\u015f\u201d \u0259ks olunmu\u015f \u015fah d\u00f6vr\u00fcn\u00fcn bayra\u011f\u0131n\u0131 qald\u0131r\u0131b.<\/span><\/span><\/p>\n<p><span style=\"font-size:12pt\"><span style=\"font-family:&quot;Times New Roman&quot;\">Bildirlir ki, polis n\u00fcmayi\u015f\u00e7ini h\u0259bs edib. Qar\u015f\u0131durma zaman\u0131 bir ne\u00e7\u0259 polis i\u015f\u00e7isi y\u00fcng\u00fcl x\u0259sar\u0259t al\u0131b. Daha sonra polis \u0259razid\u0259 t\u0259hl\u00fck\u0259sizliyi art\u0131raraq \u0259lav\u0259 h\u0259bs \u0259m\u0259liyyatlar\u0131 h\u0259yata ke\u00e7irib.<\/span><\/span><\/p>\n<\/p><\/div>\n","protected":false},"excerpt":{"rendered":"<p>Londonda etiraz\u00e7\u0131lar \u0130ran s\u0259firliyinin bayra\u011f\u0131n\u0131 bir h\u0259ft\u0259 \u0259rzind\u0259 ikinci d\u0259f\u0259 endir\u0259r\u0259k polisl\u0259 qar\u015f\u0131durmaya girib. APA x\u0259b\u0259r verir ki,<\/p>\n","protected":false},"author":1,"featured_media":39556,"comment_status":"","ping_status":"","sticky":false,"template":"","format":"standard","meta":{"footnotes":""},"categories":[18],"tags":[],"class_list":["post-39555","post","type-post","status-publish","format-standard","has-post-thumbnail","hentry","category-gundm"],"_links":{"self":[{"href":"https:\/\/rubin.az\/index.php?rest_route=\/wp\/v2\/posts\/39555","targetHints":{"allow":["GET"]}}],"collection":[{"href":"https:\/\/rubin.az\/index.php?rest_route=\/wp\/v2\/posts"}],"about":[{"href":"https:\/\/rubin.az\/index.php?rest_route=\/wp\/v2\/types\/post"}],"author":[{"embeddable":true,"href":"https:\/\/rubin.az\/index.php?rest_route=\/wp\/v2\/users\/1"}],"replies":[{"embeddable":true,"href":"https:\/\/rubin.az\/index.php?rest_route=%2Fwp%2Fv2%2Fcomments&post=39555"}],"version-history":[{"count":0,"href":"https:\/\/rubin.az\/index.php?rest_route=\/wp\/v2\/posts\/39555\/revisions"}],"wp:featuredmedia":[{"embeddable":true,"href":"https:\/\/rubin.az\/index.php?rest_route=\/wp\/v2\/media\/39556"}],"wp:attachment":[{"href":"https:\/\/rubin.az\/index.php?rest_route=%2Fwp%2Fv2%2Fmedia&parent=39555"}],"wp:term":[{"taxonomy":"category","embeddable":true,"href":"https:\/\/rubin.az\/index.php?rest_route=%2Fwp%2Fv2%2Fcategories&post=39555"},{"taxonomy":"post_tag","embeddable":true,"href":"https:\/\/rubin.az\/index.php?rest_route=%2Fwp%2Fv2%2Ftags&post=39555"}],"curies":[{"name":"wp","href":"https:\/\/api.w.org\/{rel}","templated":true}]}}