{"id":39553,"date":"2026-01-17T13:59:16","date_gmt":"2026-01-17T09:59:16","guid":{"rendered":"http:\/\/rubin.az\/?p=39553"},"modified":"2026-01-17T13:59:16","modified_gmt":"2026-01-17T09:59:16","slug":"sulh-sazisi-uzr%c9%99-danisiqlar-aparacaq-ukrayna-numay%c9%99nd%c9%99-hey%c9%99ti-abs-dadir","status":"publish","type":"post","link":"https:\/\/rubin.az\/?p=39553","title":{"rendered":"S\u00fclh sazi\u015fi \u00fczr\u0259 dan\u0131\u015f\u0131qlar aparacaq Ukrayna n\u00fcmay\u0259nd\u0259 hey\u0259ti AB\u015e-dad\u0131r"},"content":{"rendered":"<p><img decoding=\"async\" src=\"https:\/\/apa.az\/storage\/news\/2026\/january\/17\/resize\/696b5b77d64c9696b5b77d64ca1768643447696b5b77d64c7696b5b77d64c8.jpg\" \/><\/p>\n<div itemprop=\"articleBody\">\n<p><span style=\"font-size:12pt\"><span style=\"font-family:&quot;Times New Roman&quot;\">Ukrayna n\u00fcmay\u0259nd\u0259 hey\u0259ti s\u00fclh sazi\u015fi il\u0259 ba\u011fl\u0131 amerikal\u0131 t\u0259r\u0259fda\u015flarla dan\u0131\u015f\u0131qlar aparmaq \u00fc\u00e7\u00fcn art\u0131q AB\u015e-dad\u0131r.<\/span><\/span><\/p>\n<p><span style=\"font-size:12pt\"><span style=\"font-family:&quot;Times New Roman&quot;\"><a href=\"https:\/\/apa.az\" class=\"hyperlink\" target=\"_blank\">APA<\/a> x\u0259b\u0259r verir ki, bu bar\u0259d\u0259 <\/span><\/span><span style=\"font-size:12pt\"><span style=\"font-family:&quot;Times New Roman&quot;\">Ukrayna Prezident Administrasiyas\u0131n\u0131n r\u0259hb\u0259ri Kirill Budanov \u00f6z\u00fcn\u00fcn \u201cTelegram\u201d kanal\u0131nda m\u0259lumat yay\u0131b.<\/span><\/span><\/p>\n<p><span style=\"font-size:12pt\"><span style=\"font-family:&quot;Times New Roman&quot;\">\u201cRustem Umerov v\u0259 David Araxamiya il\u0259 birlikd\u0259 amerikal\u0131 t\u0259r\u0259fda\u015flarla s\u00fclh sazi\u015finin detallar\u0131 bar\u0259d\u0259 vacib dan\u0131\u015f\u0131q apar\u0131lacaq. Planla\u015fd\u0131r\u0131lm\u0131\u015f g\u00f6r\u00fc\u015fd\u0259 Stiven Vitkoff, Cared Ku\u015fner v\u0259 Daniel Driskol da i\u015ftirak ed\u0259c\u0259k\u201d, &#8211; o bildirib<\/span><\/span><\/p>\n<p><span style=\"font-size:12pt\"><span style=\"font-family:&quot;Times New Roman&quot;\">Budanov h\u0259m\u00e7inin vur\u011fulay\u0131b ki, Ukraynaya \u0259dal\u0259tli s\u00fclh laz\u0131md\u0131r: &#8220;Biz n\u0259tic\u0259y\u0259 nail olmaq \u00fc\u00e7\u00fcn \u00e7al\u0131\u015f\u0131r\u0131q\u201d.<\/span><\/span><\/p>\n<\/p><\/div>\n","protected":false},"excerpt":{"rendered":"<p>Ukrayna n\u00fcmay\u0259nd\u0259 hey\u0259ti s\u00fclh sazi\u015fi il\u0259 ba\u011fl\u0131 amerikal\u0131 t\u0259r\u0259fda\u015flarla dan\u0131\u015f\u0131qlar aparmaq \u00fc\u00e7\u00fcn art\u0131q AB\u015e-dad\u0131r. APA x\u0259b\u0259r verir ki,<\/p>\n","protected":false},"author":1,"featured_media":39554,"comment_status":"","ping_status":"","sticky":false,"template":"","format":"standard","meta":{"footnotes":""},"categories":[18],"tags":[],"class_list":["post-39553","post","type-post","status-publish","format-standard","has-post-thumbnail","hentry","category-gundm"],"_links":{"self":[{"href":"https:\/\/rubin.az\/index.php?rest_route=\/wp\/v2\/posts\/39553","targetHints":{"allow":["GET"]}}],"collection":[{"href":"https:\/\/rubin.az\/index.php?rest_route=\/wp\/v2\/posts"}],"about":[{"href":"https:\/\/rubin.az\/index.php?rest_route=\/wp\/v2\/types\/post"}],"author":[{"embeddable":true,"href":"https:\/\/rubin.az\/index.php?rest_route=\/wp\/v2\/users\/1"}],"replies":[{"embeddable":true,"href":"https:\/\/rubin.az\/index.php?rest_route=%2Fwp%2Fv2%2Fcomments&post=39553"}],"version-history":[{"count":0,"href":"https:\/\/rubin.az\/index.php?rest_route=\/wp\/v2\/posts\/39553\/revisions"}],"wp:featuredmedia":[{"embeddable":true,"href":"https:\/\/rubin.az\/index.php?rest_route=\/wp\/v2\/media\/39554"}],"wp:attachment":[{"href":"https:\/\/rubin.az\/index.php?rest_route=%2Fwp%2Fv2%2Fmedia&parent=39553"}],"wp:term":[{"taxonomy":"category","embeddable":true,"href":"https:\/\/rubin.az\/index.php?rest_route=%2Fwp%2Fv2%2Fcategories&post=39553"},{"taxonomy":"post_tag","embeddable":true,"href":"https:\/\/rubin.az\/index.php?rest_route=%2Fwp%2Fv2%2Ftags&post=39553"}],"curies":[{"name":"wp","href":"https:\/\/api.w.org\/{rel}","templated":true}]}}