{"id":39549,"date":"2026-01-17T11:56:52","date_gmt":"2026-01-17T07:56:52","guid":{"rendered":"https:\/\/rubin.az\/?p=39549"},"modified":"2026-01-17T11:56:52","modified_gmt":"2026-01-17T07:56:52","slug":"xiii-qlobal-baki-forumunun-keciril%c9%99c%c9%99yi-tarix-m%c9%99lum-olub","status":"publish","type":"post","link":"https:\/\/rubin.az\/?p=39549","title":{"rendered":"XIII Qlobal Bak\u0131 Forumunun ke\u00e7iril\u0259c\u0259yi tarix m\u0259lum olub"},"content":{"rendered":"<p><img decoding=\"async\" src=\"https:\/\/apa.az\/storage\/news\/2026\/january\/17\/resize\/696b3e3587ef9696b3e3587efa1768635957cf0a05a0d73b47c895c8e7781a124e37.jpg\" \/><\/p>\n<div itemprop=\"articleBody\">\n<p>XIII Qlobal Bak\u0131 Forumu \u0259r\u0259f\u0259sind\u0259 yekun koordinasiya iclas\u0131 ke\u00e7irilib.<\/p>\n<p><a href=\"https:\/\/apa.az\" class=\"hyperlink\" target=\"_blank\">APA<\/a> x\u0259b\u0259r verir ki, bu bar\u0259d\u0259 Nizami G\u0259nc\u0259vi Beyn\u0259lxalq M\u0259rk\u0259zinin &#8220;X&#8221; hesab\u0131nda payla\u015f\u0131m edilib.<\/p>\n<p>Qeyd olunub ki, qar\u015f\u0131dan g\u0259l\u0259n XIII Qlobal Bak\u0131 Forumu il\u0259 ba\u011fl\u0131 yekun koordinasiya iclas\u0131 t\u0259\u015fkil olunub.<\/p>\n<p>Bildirilib ki, 2026-c\u0131 il 12\u201314 mart tarixl\u0259rind\u0259 Az\u0259rbaycan\u0131n paytaxt\u0131 Bak\u0131da ke\u00e7iril\u0259c\u0259k forum \u00e7\u0259r\u00e7iv\u0259sind\u0259 400-d\u0259n \u00e7ox beyn\u0259lxalq qona\u011f\u0131n q\u0259bul edilm\u0259si g\u00f6zl\u0259nilir.<\/p>\n<p>Toplant\u0131da forumun t\u0259\u015fkili il\u0259 ba\u011fl\u0131 \u0259sas m\u0259s\u0259l\u0259l\u0259r m\u00fczakir\u0259 edilib v\u0259 t\u0259dbirin y\u00fcks\u0259k s\u0259viyy\u0259d\u0259 ke\u00e7irilm\u0259si \u00fc\u00e7\u00fcn g\u00f6r\u00fcl\u0259n haz\u0131rl\u0131q i\u015fl\u0259ri n\u0259z\u0259rd\u0259n ke\u00e7irilib.<\/p>\n<\/p><\/div>\n","protected":false},"excerpt":{"rendered":"<p>XIII Qlobal Bak\u0131 Forumu \u0259r\u0259f\u0259sind\u0259 yekun koordinasiya iclas\u0131 ke\u00e7irilib. APA x\u0259b\u0259r verir ki, bu bar\u0259d\u0259 Nizami G\u0259nc\u0259vi Beyn\u0259lxalq<\/p>\n","protected":false},"author":1,"featured_media":39550,"comment_status":"","ping_status":"","sticky":false,"template":"","format":"standard","meta":{"footnotes":""},"categories":[18],"tags":[],"class_list":["post-39549","post","type-post","status-publish","format-standard","has-post-thumbnail","hentry","category-gundm"],"_links":{"self":[{"href":"https:\/\/rubin.az\/index.php?rest_route=\/wp\/v2\/posts\/39549","targetHints":{"allow":["GET"]}}],"collection":[{"href":"https:\/\/rubin.az\/index.php?rest_route=\/wp\/v2\/posts"}],"about":[{"href":"https:\/\/rubin.az\/index.php?rest_route=\/wp\/v2\/types\/post"}],"author":[{"embeddable":true,"href":"https:\/\/rubin.az\/index.php?rest_route=\/wp\/v2\/users\/1"}],"replies":[{"embeddable":true,"href":"https:\/\/rubin.az\/index.php?rest_route=%2Fwp%2Fv2%2Fcomments&post=39549"}],"version-history":[{"count":0,"href":"https:\/\/rubin.az\/index.php?rest_route=\/wp\/v2\/posts\/39549\/revisions"}],"wp:featuredmedia":[{"embeddable":true,"href":"https:\/\/rubin.az\/index.php?rest_route=\/wp\/v2\/media\/39550"}],"wp:attachment":[{"href":"https:\/\/rubin.az\/index.php?rest_route=%2Fwp%2Fv2%2Fmedia&parent=39549"}],"wp:term":[{"taxonomy":"category","embeddable":true,"href":"https:\/\/rubin.az\/index.php?rest_route=%2Fwp%2Fv2%2Fcategories&post=39549"},{"taxonomy":"post_tag","embeddable":true,"href":"https:\/\/rubin.az\/index.php?rest_route=%2Fwp%2Fv2%2Ftags&post=39549"}],"curies":[{"name":"wp","href":"https:\/\/api.w.org\/{rel}","templated":true}]}}