{"id":39541,"date":"2026-01-17T07:52:36","date_gmt":"2026-01-17T03:52:36","guid":{"rendered":"http:\/\/rubin.az\/?p=39541"},"modified":"2026-01-17T07:52:36","modified_gmt":"2026-01-17T03:52:36","slug":"nobel-komit%c9%99si-trampin-macadonun-mukafatinin-sahibi-olmadigini-bildirib","status":"publish","type":"post","link":"https:\/\/rubin.az\/?p=39541","title":{"rendered":"Nobel Komit\u0259si Tramp\u0131n Ma\u00e7adonun m\u00fckafat\u0131n\u0131n sahibi olmad\u0131\u011f\u0131n\u0131 bildirib"},"content":{"rendered":"<p><img decoding=\"async\" src=\"https:\/\/apa.az\/storage\/news\/2026\/january\/17\/resize\/696af7dd04a79696af7dd04a7a1768617949696af7dd04a77696af7dd04a78.png\" \/><\/p>\n<div itemprop=\"articleBody\">\n<p>AB\u015e Prezidenti Donald Tramp venesuelal\u0131 m\u00fcxalif\u0259t\u00e7i siyas\u0259t\u00e7i Maria Korina Ma\u00e7adonun ona medal t\u0259qdim etm\u0259sind\u0259n sonra Nobel S\u00fclh M\u00fckafat\u0131n\u0131n sahibi olmay\u0131b.<\/p>\n<p><a href=\"https:\/\/apa.az\" class=\"hyperlink\" target=\"_blank\">APA<\/a> x\u0259b\u0259r verir ki, bu bar\u0259d\u0259 Nobel Komit\u0259sinin yayd\u0131\u011f\u0131 b\u0259yanatda deyilir. <\/p>\n<p>Qeyd olunur ki, medal\u0131n, diplomun v\u0259 ya pul m\u00fckafat\u0131n\u0131n taleyind\u0259n as\u0131l\u0131 olmayaraq, tarixd\u0259 m\u00fckafat\u0131n sahibi kimi m\u0259hz laureat qal\u0131r.<\/p>\n<p>H\u0259tta medal v\u0259 ya diplom sonradan ba\u015fqa bir \u015f\u0259xsin m\u00fclkiyy\u0259tin\u0259 ke\u00e7s\u0259 bel\u0259, bu, Nobel S\u00fclh M\u00fckafat\u0131n\u0131n konkret \u015f\u0259xs\u0259 verilm\u0259si fakt\u0131n\u0131 d\u0259yi\u015fmir.<\/p>\n<p>Vur\u011fulan\u0131r ki, Nobel S\u00fclh M\u00fckafat\u0131 geri al\u0131nm\u0131r, onun verilm\u0259si il\u0259 ba\u011fl\u0131 q\u0259rar is\u0259 yekundur v\u0259 m\u00fcdd\u0259tsiz q\u00fcvv\u0259d\u0259 qal\u0131r.<\/p>\n<\/p><\/div>\n","protected":false},"excerpt":{"rendered":"<p>AB\u015e Prezidenti Donald Tramp venesuelal\u0131 m\u00fcxalif\u0259t\u00e7i siyas\u0259t\u00e7i Maria Korina Ma\u00e7adonun ona medal t\u0259qdim etm\u0259sind\u0259n sonra Nobel S\u00fclh M\u00fckafat\u0131n\u0131n<\/p>\n","protected":false},"author":1,"featured_media":39542,"comment_status":"","ping_status":"","sticky":false,"template":"","format":"standard","meta":{"footnotes":""},"categories":[18],"tags":[],"class_list":["post-39541","post","type-post","status-publish","format-standard","has-post-thumbnail","hentry","category-gundm"],"_links":{"self":[{"href":"https:\/\/rubin.az\/index.php?rest_route=\/wp\/v2\/posts\/39541","targetHints":{"allow":["GET"]}}],"collection":[{"href":"https:\/\/rubin.az\/index.php?rest_route=\/wp\/v2\/posts"}],"about":[{"href":"https:\/\/rubin.az\/index.php?rest_route=\/wp\/v2\/types\/post"}],"author":[{"embeddable":true,"href":"https:\/\/rubin.az\/index.php?rest_route=\/wp\/v2\/users\/1"}],"replies":[{"embeddable":true,"href":"https:\/\/rubin.az\/index.php?rest_route=%2Fwp%2Fv2%2Fcomments&post=39541"}],"version-history":[{"count":0,"href":"https:\/\/rubin.az\/index.php?rest_route=\/wp\/v2\/posts\/39541\/revisions"}],"wp:featuredmedia":[{"embeddable":true,"href":"https:\/\/rubin.az\/index.php?rest_route=\/wp\/v2\/media\/39542"}],"wp:attachment":[{"href":"https:\/\/rubin.az\/index.php?rest_route=%2Fwp%2Fv2%2Fmedia&parent=39541"}],"wp:term":[{"taxonomy":"category","embeddable":true,"href":"https:\/\/rubin.az\/index.php?rest_route=%2Fwp%2Fv2%2Fcategories&post=39541"},{"taxonomy":"post_tag","embeddable":true,"href":"https:\/\/rubin.az\/index.php?rest_route=%2Fwp%2Fv2%2Ftags&post=39541"}],"curies":[{"name":"wp","href":"https:\/\/api.w.org\/{rel}","templated":true}]}}