{"id":39519,"date":"2026-01-16T05:44:40","date_gmt":"2026-01-16T01:44:40","guid":{"rendered":"http:\/\/rubin.az\/?p=39519"},"modified":"2026-01-16T05:44:40","modified_gmt":"2026-01-16T01:44:40","slug":"tramp-q%c9%99zzani-idar%c9%99-etm%c9%99k-ucun-sulh-surasinin-yaradildigini-aciqlayib","status":"publish","type":"post","link":"https:\/\/rubin.az\/?p=39519","title":{"rendered":"Tramp Q\u0259zzan\u0131 idar\u0259 etm\u0259k \u00fc\u00e7\u00fcn &#8220;S\u00fclh \u015euras\u0131&#8221;n\u0131n yarad\u0131ld\u0131\u011f\u0131n\u0131 a\u00e7\u0131qlay\u0131b"},"content":{"rendered":"<p><img decoding=\"async\" src=\"https:\/\/apa.az\/storage\/news\/2026\/january\/16\/resize\/696983becd363696983becd3641768522686696983becd361696983becd362.webp\" \/><\/p>\n<div itemprop=\"articleBody\">\n<p><span style=\"font-size:11pt\"><span style=\"font-family:Calibri,sans-serif\"><span style=\"font-size:14.0pt\"><span style=\"font-family:&quot;Times New Roman&quot;,serif\">AB\u015e Prezidenti Donald Tramp Q\u0259zza zola\u011f\u0131n\u0131 idar\u0259 etm\u0259k \u00fc\u00e7\u00fcn &#8220;S\u00fclh \u015euras\u0131&#8221;n\u0131n yarad\u0131ld\u0131\u011f\u0131n\u0131 elan edib. <\/span><\/span><\/span><\/span><\/p>\n<p><span style=\"font-size:11pt\"><span style=\"font-family:Calibri,sans-serif\"><span style=\"font-size:14.0pt\"><span style=\"font-family:&quot;Times New Roman&quot;,serif\"><a href=\"https:\/\/apa.az\" class=\"hyperlink\" target=\"_blank\">APA<\/a> x\u0259b\u0259r verir ki, Tramp bu bar\u0259d\u0259 \u00f6z \u201cTruth\u201d hesab\u0131nda m\u0259lumat verib. <\/span><\/span><\/span><\/span><\/p>\n<p><span style=\"font-size:11pt\"><span style=\"font-family:Calibri,sans-serif\"><span style=\"font-size:14.0pt\"><span style=\"font-family:&quot;Times New Roman&quot;,serif\">&#8220;S\u00fclh \u015euras\u0131&#8221;n\u0131n yarad\u0131ld\u0131\u011f\u0131n\u0131 elan etm\u0259kd\u0259n q\u00fcrur duyuram&#8221;, &#8211; dey\u0259n Tramp idar\u0259etm\u0259 orqan\u0131n\u0131n t\u0259rkibinin tezlikl\u0259 elan edil\u0259c\u0259yini vur\u011fulay\u0131b. <\/span><\/span><\/span><\/span><\/p>\n<\/p><\/div>\n","protected":false},"excerpt":{"rendered":"<p>AB\u015e Prezidenti Donald Tramp Q\u0259zza zola\u011f\u0131n\u0131 idar\u0259 etm\u0259k \u00fc\u00e7\u00fcn &#8220;S\u00fclh \u015euras\u0131&#8221;n\u0131n yarad\u0131ld\u0131\u011f\u0131n\u0131 elan edib. APA x\u0259b\u0259r verir ki,<\/p>\n","protected":false},"author":1,"featured_media":39520,"comment_status":"","ping_status":"","sticky":false,"template":"","format":"standard","meta":{"footnotes":""},"categories":[18],"tags":[],"class_list":["post-39519","post","type-post","status-publish","format-standard","has-post-thumbnail","hentry","category-gundm"],"_links":{"self":[{"href":"https:\/\/rubin.az\/index.php?rest_route=\/wp\/v2\/posts\/39519","targetHints":{"allow":["GET"]}}],"collection":[{"href":"https:\/\/rubin.az\/index.php?rest_route=\/wp\/v2\/posts"}],"about":[{"href":"https:\/\/rubin.az\/index.php?rest_route=\/wp\/v2\/types\/post"}],"author":[{"embeddable":true,"href":"https:\/\/rubin.az\/index.php?rest_route=\/wp\/v2\/users\/1"}],"replies":[{"embeddable":true,"href":"https:\/\/rubin.az\/index.php?rest_route=%2Fwp%2Fv2%2Fcomments&post=39519"}],"version-history":[{"count":0,"href":"https:\/\/rubin.az\/index.php?rest_route=\/wp\/v2\/posts\/39519\/revisions"}],"wp:featuredmedia":[{"embeddable":true,"href":"https:\/\/rubin.az\/index.php?rest_route=\/wp\/v2\/media\/39520"}],"wp:attachment":[{"href":"https:\/\/rubin.az\/index.php?rest_route=%2Fwp%2Fv2%2Fmedia&parent=39519"}],"wp:term":[{"taxonomy":"category","embeddable":true,"href":"https:\/\/rubin.az\/index.php?rest_route=%2Fwp%2Fv2%2Fcategories&post=39519"},{"taxonomy":"post_tag","embeddable":true,"href":"https:\/\/rubin.az\/index.php?rest_route=%2Fwp%2Fv2%2Ftags&post=39519"}],"curies":[{"name":"wp","href":"https:\/\/api.w.org\/{rel}","templated":true}]}}