{"id":39517,"date":"2026-01-16T04:43:44","date_gmt":"2026-01-16T00:43:44","guid":{"rendered":"http:\/\/rubin.az\/?p=39517"},"modified":"2026-01-16T04:43:44","modified_gmt":"2026-01-16T00:43:44","slug":"y%c9%99m%c9%99nd%c9%99-hokum%c9%99t-istefa-verib","status":"publish","type":"post","link":"https:\/\/rubin.az\/?p=39517","title":{"rendered":"Y\u0259m\u0259nd\u0259 h\u00f6kum\u0259t istefa verib"},"content":{"rendered":"<p><img decoding=\"async\" src=\"https:\/\/apa.az\/storage\/news\/2026\/january\/16\/resize\/696981aa2360d696981aa2360e1768522154696981aa2360b696981aa2360c.webp\" \/><\/p>\n<div itemprop=\"articleBody\">\n<p><span style=\"font-size:11pt\"><span style=\"font-family:Calibri,sans-serif\"><span style=\"font-size:14.0pt\"><span style=\"font-family:&quot;Times New Roman&quot;,serif\">Y\u0259m\u0259n Prezident \u0130dar\u0259etm\u0259 \u015euras\u0131n\u0131n s\u0259dri R\u0259\u015fad M\u0259h\u0259mm\u0259d \u0259l-\u018flimi xarici i\u015fl\u0259r naziri \u015eaya M\u00f6hs\u00fcn \u0259l-Zindanini yeni ba\u015f nazir t\u0259yin edib. <\/span><\/span><\/span><\/span><\/p>\n<p><span style=\"font-size:11pt\"><span style=\"font-family:Calibri,sans-serif\"><span style=\"font-size:14.0pt\"><span style=\"font-family:&quot;Times New Roman&quot;,serif\"><a href=\"https:\/\/apa.az\" class=\"hyperlink\" target=\"_blank\">APA<\/a> x\u0259b\u0259r verir ki, bu bar\u0259d\u0259 16 yanvar gec\u0259si Y\u0259m\u0259nin SABA x\u0259b\u0259r agentliyi m\u0259lumat yay\u0131b.<\/span><\/span><\/span><\/span><\/p>\n<p><span style=\"font-size:11pt\"><span style=\"font-family:Calibri,sans-serif\"><span style=\"font-size:14.0pt\"><span style=\"font-family:&quot;Times New Roman&quot;,serif\">&#8220;Doktor \u015eaya M\u00f6hs\u00fcn \u0259l-Zindani Nazirl\u0259r \u015euras\u0131n\u0131n s\u0259dri t\u0259yin edilsin v\u0259 ona h\u00f6kum\u0259t qurmaq tap\u015f\u0131r\u0131ls\u0131n&#8221;, &#8211; f\u0259rmanda bildirilir. <\/span><\/span><\/span><\/span><\/p>\n<p><span style=\"font-size:11pt\"><span style=\"font-family:Calibri,sans-serif\"><span style=\"font-size:14.0pt\"><span style=\"font-family:&quot;Times New Roman&quot;,serif\">S\u0259n\u0259d\u0259 \u0259sas\u0259n, m\u00f6vcud kabinet yeni h\u00f6kum\u0259t formala\u015fana q\u0259d\u0259r f\u0259aliyy\u0259tini davam etdir\u0259c\u0259k.<\/span><\/span><\/span><\/span><\/p>\n<\/p><\/div>\n","protected":false},"excerpt":{"rendered":"<p>Y\u0259m\u0259n Prezident \u0130dar\u0259etm\u0259 \u015euras\u0131n\u0131n s\u0259dri R\u0259\u015fad M\u0259h\u0259mm\u0259d \u0259l-\u018flimi xarici i\u015fl\u0259r naziri \u015eaya M\u00f6hs\u00fcn \u0259l-Zindanini yeni ba\u015f nazir t\u0259yin<\/p>\n","protected":false},"author":1,"featured_media":39518,"comment_status":"","ping_status":"","sticky":false,"template":"","format":"standard","meta":{"footnotes":""},"categories":[18],"tags":[],"class_list":["post-39517","post","type-post","status-publish","format-standard","has-post-thumbnail","hentry","category-gundm"],"_links":{"self":[{"href":"https:\/\/rubin.az\/index.php?rest_route=\/wp\/v2\/posts\/39517","targetHints":{"allow":["GET"]}}],"collection":[{"href":"https:\/\/rubin.az\/index.php?rest_route=\/wp\/v2\/posts"}],"about":[{"href":"https:\/\/rubin.az\/index.php?rest_route=\/wp\/v2\/types\/post"}],"author":[{"embeddable":true,"href":"https:\/\/rubin.az\/index.php?rest_route=\/wp\/v2\/users\/1"}],"replies":[{"embeddable":true,"href":"https:\/\/rubin.az\/index.php?rest_route=%2Fwp%2Fv2%2Fcomments&post=39517"}],"version-history":[{"count":0,"href":"https:\/\/rubin.az\/index.php?rest_route=\/wp\/v2\/posts\/39517\/revisions"}],"wp:featuredmedia":[{"embeddable":true,"href":"https:\/\/rubin.az\/index.php?rest_route=\/wp\/v2\/media\/39518"}],"wp:attachment":[{"href":"https:\/\/rubin.az\/index.php?rest_route=%2Fwp%2Fv2%2Fmedia&parent=39517"}],"wp:term":[{"taxonomy":"category","embeddable":true,"href":"https:\/\/rubin.az\/index.php?rest_route=%2Fwp%2Fv2%2Fcategories&post=39517"},{"taxonomy":"post_tag","embeddable":true,"href":"https:\/\/rubin.az\/index.php?rest_route=%2Fwp%2Fv2%2Ftags&post=39517"}],"curies":[{"name":"wp","href":"https:\/\/api.w.org\/{rel}","templated":true}]}}