{"id":39515,"date":"2026-01-16T03:42:52","date_gmt":"2026-01-15T23:42:52","guid":{"rendered":"https:\/\/rubin.az\/?p=39515"},"modified":"2026-01-16T03:42:52","modified_gmt":"2026-01-15T23:42:52","slug":"ab-irana-qarsi-sanksiyalari-s%c9%99rtl%c9%99sdirm%c9%99yi-n%c9%99z%c9%99rd%c9%99n-kecirir","status":"publish","type":"post","link":"https:\/\/rubin.az\/?p=39515","title":{"rendered":"AB \u0130rana qar\u015f\u0131 sanksiyalar\u0131 s\u0259rtl\u0259\u015fdirm\u0259yi n\u0259z\u0259rd\u0259n ke\u00e7irir"},"content":{"rendered":"<p><img decoding=\"async\" src=\"https:\/\/apa.az\/storage\/news\/2026\/january\/16\/resize\/69696a75a019e69696a75a019f176851621369696a75a019c69696a75a019d.jpg\" \/><\/p>\n<div itemprop=\"articleBody\">\n<p><span style=\"font-size:11pt\"><span style=\"font-family:Calibri,sans-serif\"><span style=\"font-size:14.0pt\"><span style=\"font-family:&quot;Times New Roman&quot;,serif\">Avropa Birliyi Tehrana qar\u015f\u0131 sanksiyalar\u0131n daha da s\u0259rtl\u0259\u015fdirilm\u0259si ehtimal\u0131n\u0131 istisna etmir. <\/span><\/span><\/span><\/span><\/p>\n<p><span style=\"font-size:11pt\"><span style=\"font-family:Calibri,sans-serif\"><span style=\"font-size:14.0pt\"><span style=\"font-family:&quot;Times New Roman&quot;,serif\"><a href=\"https:\/\/apa.az\" class=\"hyperlink\" target=\"_blank\">APA<\/a> x\u0259b\u0259r verir ki, bunu Avropa Komissiyas\u0131n\u0131n prezidenti Ursula fon der Leyen Kipr prezidenti Nikos Xristodulides il\u0259 birg\u0259 m\u0259tbuat konfrans\u0131 zaman\u0131 a\u00e7\u0131qlay\u0131b. <\/span><\/span><\/span><\/span><\/p>\n<p><span style=\"font-size:11pt\"><span style=\"font-family:Calibri,sans-serif\"><span style=\"font-size:14.0pt\"><span style=\"font-family:&quot;Times New Roman&quot;,serif\">&#8220;M\u0259n dig\u0259r \u00f6lk\u0259l\u0259rin h\u0259r\u0259k\u0259tl\u0259ri bar\u0259d\u0259 \u015f\u0259rh ver\u0259 bilm\u0259r\u0259m &#8211; bu, onlar\u0131n i\u015fidir. Amma biz h\u0259qiq\u0259t\u0259n d\u0259 \u0130rana qar\u015f\u0131 sanksiyalar\u0131n s\u0259rtl\u0259\u015fdirilm\u0259sini n\u0259z\u0259rd\u0259n ke\u00e7iririk&#8221;, &#8211; diplomat bildirib.<\/span><\/span><\/span><\/span><\/p>\n<\/p><\/div>\n","protected":false},"excerpt":{"rendered":"<p>Avropa Birliyi Tehrana qar\u015f\u0131 sanksiyalar\u0131n daha da s\u0259rtl\u0259\u015fdirilm\u0259si ehtimal\u0131n\u0131 istisna etmir. APA x\u0259b\u0259r verir ki, bunu Avropa Komissiyas\u0131n\u0131n<\/p>\n","protected":false},"author":1,"featured_media":39516,"comment_status":"","ping_status":"","sticky":false,"template":"","format":"standard","meta":{"footnotes":""},"categories":[18],"tags":[],"class_list":["post-39515","post","type-post","status-publish","format-standard","has-post-thumbnail","hentry","category-gundm"],"_links":{"self":[{"href":"https:\/\/rubin.az\/index.php?rest_route=\/wp\/v2\/posts\/39515","targetHints":{"allow":["GET"]}}],"collection":[{"href":"https:\/\/rubin.az\/index.php?rest_route=\/wp\/v2\/posts"}],"about":[{"href":"https:\/\/rubin.az\/index.php?rest_route=\/wp\/v2\/types\/post"}],"author":[{"embeddable":true,"href":"https:\/\/rubin.az\/index.php?rest_route=\/wp\/v2\/users\/1"}],"replies":[{"embeddable":true,"href":"https:\/\/rubin.az\/index.php?rest_route=%2Fwp%2Fv2%2Fcomments&post=39515"}],"version-history":[{"count":0,"href":"https:\/\/rubin.az\/index.php?rest_route=\/wp\/v2\/posts\/39515\/revisions"}],"wp:featuredmedia":[{"embeddable":true,"href":"https:\/\/rubin.az\/index.php?rest_route=\/wp\/v2\/media\/39516"}],"wp:attachment":[{"href":"https:\/\/rubin.az\/index.php?rest_route=%2Fwp%2Fv2%2Fmedia&parent=39515"}],"wp:term":[{"taxonomy":"category","embeddable":true,"href":"https:\/\/rubin.az\/index.php?rest_route=%2Fwp%2Fv2%2Fcategories&post=39515"},{"taxonomy":"post_tag","embeddable":true,"href":"https:\/\/rubin.az\/index.php?rest_route=%2Fwp%2Fv2%2Ftags&post=39515"}],"curies":[{"name":"wp","href":"https:\/\/api.w.org\/{rel}","templated":true}]}}