{"id":39513,"date":"2026-01-16T02:41:29","date_gmt":"2026-01-15T22:41:29","guid":{"rendered":"https:\/\/rubin.az\/?p=39513"},"modified":"2026-01-16T02:41:29","modified_gmt":"2026-01-15T22:41:29","slug":"abs-v%c9%99-danimarka-qrenlandiya-il%c9%99-bagli-h%c9%99r-iki-uc-h%c9%99ft%c9%99d%c9%99n-bir-gorus-kecir%c9%99c%c9%99k","status":"publish","type":"post","link":"https:\/\/rubin.az\/?p=39513","title":{"rendered":"AB\u015e v\u0259 Danimarka Qrenlandiya il\u0259 ba\u011fl\u0131 h\u0259r iki-\u00fc\u00e7 h\u0259ft\u0259d\u0259n bir g\u00f6r\u00fc\u015f ke\u00e7ir\u0259c\u0259k"},"content":{"rendered":"<p><img decoding=\"async\" src=\"https:\/\/apa.az\/storage\/news\/2026\/january\/16\/resize\/696961f418cd2696961f418cd31768514036696961f418cd0696961f418cd1.jpg\" \/><\/p>\n<div itemprop=\"articleBody\">\n<p><span style=\"font-size:11pt\"><span style=\"font-family:Calibri,sans-serif\"><span style=\"font-size:14.0pt\"><span style=\"font-family:&quot;Times New Roman&quot;,serif\">Qrenlandiya \u00fczr\u0259 AB\u015e-Danimarka birg\u0259 i\u015f\u00e7i qrupunun iclaslar\u0131 h\u0259r iki-\u00fc\u00e7 h\u0259ft\u0259d\u0259n bir ke\u00e7iril\u0259c\u0259k. <\/span><\/span><\/span><\/span><\/p>\n<p><span style=\"font-size:11pt\"><span style=\"font-family:Calibri,sans-serif\"><span style=\"font-size:14.0pt\"><span style=\"font-family:&quot;Times New Roman&quot;,serif\"><a href=\"https:\/\/apa.az\" class=\"hyperlink\" target=\"_blank\">APA<\/a> x\u0259b\u0259r verir ki, bu bar\u0259d\u0259 A\u011f Evin m\u0259tbuat katibi Kerolayn Livitt a\u00e7\u0131qlama verib. <\/span><\/span><\/span><\/span><\/p>\n<p><span style=\"font-size:11pt\"><span style=\"font-family:Calibri,sans-serif\"><span style=\"font-size:14.0pt\"><span style=\"font-family:&quot;Times New Roman&quot;,serif\">14 yanvarda Danimarka v\u0259 Qrenlandiya xarici i\u015fl\u0259r nazirl\u0259ri Lars L\u00f6kke Rasmussen v\u0259 Viviane Motzfeldt Va\u015finqtonda AB\u015e-\u0131n vitse-prezidenti Ceyms Vens v\u0259 AB\u015e d\u00f6vl\u0259t katibi Marko Rubio il\u0259 g\u00f6r\u00fc\u015f\u00fcbl\u0259r. <\/span><\/span><\/span><\/span><\/p>\n<p><span style=\"font-size:11pt\"><span style=\"font-family:Calibri,sans-serif\"><span style=\"font-size:14.0pt\"><span style=\"font-family:&quot;Times New Roman&quot;,serif\">&#8220;Yax\u015f\u0131 g\u00f6r\u00fc\u015f idi. V\u0259 h\u0259min g\u00f6r\u00fc\u015fd\u0259 t\u0259r\u0259fl\u0259r Qrenlandiyan\u0131n al\u0131nmas\u0131 il\u0259 ba\u011fl\u0131 texniki dan\u0131\u015f\u0131qlar\u0131 davam etdir\u0259c\u0259k \u015f\u0259xsl\u0259rd\u0259n ibar\u0259t i\u015f\u00e7i qrupu yaratmaq bar\u0259d\u0259 raz\u0131l\u0131\u011fa g\u0259ldil\u0259r. M\u0259n\u0259 m\u0259lumat verildi ki, bu dan\u0131\u015f\u0131qlar h\u0259r iki-\u00fc\u00e7 h\u0259ft\u0259d\u0259n bir ke\u00e7iril\u0259c\u0259k. Bel\u0259likl\u0259, administrasiya danimarkal\u0131lar v\u0259 Qrenlandiyadan olan h\u00f6rm\u0259tli n\u00fcmay\u0259nd\u0259 hey\u0259ti il\u0259 dan\u0131\u015f\u0131qlar\u0131 davam etdirm\u0259k niyy\u0259tind\u0259dir&#8221;, &#8211; Livitt deyib. <\/span><\/span><\/span><\/span><\/p>\n<\/p><\/div>\n","protected":false},"excerpt":{"rendered":"<p>Qrenlandiya \u00fczr\u0259 AB\u015e-Danimarka birg\u0259 i\u015f\u00e7i qrupunun iclaslar\u0131 h\u0259r iki-\u00fc\u00e7 h\u0259ft\u0259d\u0259n bir ke\u00e7iril\u0259c\u0259k. APA x\u0259b\u0259r verir ki, bu bar\u0259d\u0259<\/p>\n","protected":false},"author":1,"featured_media":39514,"comment_status":"","ping_status":"","sticky":false,"template":"","format":"standard","meta":{"footnotes":""},"categories":[18],"tags":[],"class_list":["post-39513","post","type-post","status-publish","format-standard","has-post-thumbnail","hentry","category-gundm"],"_links":{"self":[{"href":"https:\/\/rubin.az\/index.php?rest_route=\/wp\/v2\/posts\/39513","targetHints":{"allow":["GET"]}}],"collection":[{"href":"https:\/\/rubin.az\/index.php?rest_route=\/wp\/v2\/posts"}],"about":[{"href":"https:\/\/rubin.az\/index.php?rest_route=\/wp\/v2\/types\/post"}],"author":[{"embeddable":true,"href":"https:\/\/rubin.az\/index.php?rest_route=\/wp\/v2\/users\/1"}],"replies":[{"embeddable":true,"href":"https:\/\/rubin.az\/index.php?rest_route=%2Fwp%2Fv2%2Fcomments&post=39513"}],"version-history":[{"count":0,"href":"https:\/\/rubin.az\/index.php?rest_route=\/wp\/v2\/posts\/39513\/revisions"}],"wp:featuredmedia":[{"embeddable":true,"href":"https:\/\/rubin.az\/index.php?rest_route=\/wp\/v2\/media\/39514"}],"wp:attachment":[{"href":"https:\/\/rubin.az\/index.php?rest_route=%2Fwp%2Fv2%2Fmedia&parent=39513"}],"wp:term":[{"taxonomy":"category","embeddable":true,"href":"https:\/\/rubin.az\/index.php?rest_route=%2Fwp%2Fv2%2Fcategories&post=39513"},{"taxonomy":"post_tag","embeddable":true,"href":"https:\/\/rubin.az\/index.php?rest_route=%2Fwp%2Fv2%2Ftags&post=39513"}],"curies":[{"name":"wp","href":"https:\/\/api.w.org\/{rel}","templated":true}]}}