{"id":39511,"date":"2026-01-16T01:40:28","date_gmt":"2026-01-15T21:40:28","guid":{"rendered":"https:\/\/rubin.az\/?p=39511"},"modified":"2026-01-16T01:40:28","modified_gmt":"2026-01-15T21:40:28","slug":"macado-venesuelanin-azadligi-ucun-trampa-guv%c9%99ndiyini-deyib","status":"publish","type":"post","link":"https:\/\/rubin.az\/?p=39511","title":{"rendered":"Ma\u00e7ado Venesuelan\u0131n azadl\u0131\u011f\u0131 \u00fc\u00e7\u00fcn Trampa g\u00fcv\u0259ndiyini deyib"},"content":{"rendered":"<p><img decoding=\"async\" src=\"https:\/\/apa.az\/storage\/news\/2026\/january\/15\/resize\/6969371405b0a6969371405b0b17685030606969371405b086969371405b09.jpg\" \/><\/p>\n<div itemprop=\"articleBody\">\n<p><span style=\"font-size:11pt\"><span style=\"font-family:Calibri,sans-serif\"><span style=\"font-size:14.0pt\"><span style=\"font-family:&quot;Times New Roman&quot;,serif\">Bu g\u00fcn A\u011f Evd\u0259 AB\u015e prezidenti Donald Trampla g\u00f6r\u00fc\u015f\u0259n Venesuela m\u00fcxalif\u0259tinin lideri Mariya Korina Ma\u00e7ado g\u00f6r\u00fc\u015f\u00fcn\u00fcn \u00e7ox yax\u015f\u0131 ke\u00e7diyini deyib. <\/span><\/span><\/span><\/span><\/p>\n<p><span style=\"font-size:11pt\"><span style=\"font-family:Calibri,sans-serif\"><span style=\"font-size:14.0pt\"><span style=\"font-family:&quot;Times New Roman&quot;,serif\"><a href=\"https:\/\/apa.az\" class=\"hyperlink\" target=\"_blank\">APA<\/a> x\u0259b\u0259r verir ki, o, iki saatdan \u00e7ox davam ed\u0259n dan\u0131\u015f\u0131qlardan sonra A\u011f Evd\u0259n ayr\u0131l\u0131b. <\/span><\/span><\/span><\/span><\/p>\n<p><span style=\"font-size:11pt\"><span style=\"font-family:Calibri,sans-serif\"><span style=\"font-size:14.0pt\"><span style=\"font-family:&quot;Times New Roman&quot;,serif\">Ma\u00e7ado m\u0259tbuata a\u00e7\u0131qlamas\u0131 zaman\u0131 Venesuelan\u0131n azadl\u0131\u011f\u0131 \u00fc\u00e7\u00fcn Prezident Trampa g\u00fcv\u0259ndiyini deyib. <\/span><\/span><\/span><\/span><\/p>\n<p><span style=\"font-size:11pt\"><span style=\"font-family:Calibri,sans-serif\"><span style=\"font-size:14.0pt\"><span style=\"font-family:&quot;Times New Roman&quot;,serif\">A\u011f Evd\u0259n ayr\u0131lan Ma\u00e7adonun AB\u015e senatorlar\u0131 v\u0259 Konqres \u00fczvl\u0259ri il\u0259 g\u00f6r\u00fc\u015f\u00fc g\u00f6zl\u0259nilir. <\/span><\/span><\/span><\/span><\/p>\n<p>***<\/p>\n<p>22:50<\/p>\n<p><span style=\"font-size:11pt\"><span style=\"font-family:Calibri,sans-serif\"><span style=\"font-size:14.0pt\"><span style=\"font-family:&quot;Times New Roman&quot;,serif\">Venesuela m\u00fcxalif\u0259tinin lideri Mariya Korina Ma\u00e7ado A\u011f Ev\u0259 g\u0259lib.<\/span><\/span><\/span><\/span><\/p>\n<p><span style=\"font-size:11pt\"><span style=\"font-family:Calibri,sans-serif\"><span style=\"font-size:14.0pt\"><span style=\"font-family:&quot;Times New Roman&quot;,serif\"><a href=\"https:\/\/apa.az\" class=\"hyperlink\" target=\"_blank\">APA<\/a> x\u0259b\u0259r verir ki, bu bar\u0259d\u0259 CNN m\u0259lumat yay\u0131b. <\/span><\/span><\/span><\/span><\/p>\n<p><span style=\"font-size:11pt\"><span style=\"font-family:Calibri,sans-serif\"><span style=\"font-size:14.0pt\"><span style=\"font-family:&quot;Times New Roman&quot;,serif\">Ma\u00e7adonun tezlikl\u0259 AB\u015e prezidenti Donald Trampla g\u00f6r\u00fc\u015f\u0259c\u0259yi g\u00f6zl\u0259nilir.<\/span><\/span><\/span><\/span><\/p>\n<\/p><\/div>\n","protected":false},"excerpt":{"rendered":"<p>Bu g\u00fcn A\u011f Evd\u0259 AB\u015e prezidenti Donald Trampla g\u00f6r\u00fc\u015f\u0259n Venesuela m\u00fcxalif\u0259tinin lideri Mariya Korina Ma\u00e7ado g\u00f6r\u00fc\u015f\u00fcn\u00fcn \u00e7ox yax\u015f\u0131<\/p>\n","protected":false},"author":1,"featured_media":39512,"comment_status":"","ping_status":"","sticky":false,"template":"","format":"standard","meta":{"footnotes":""},"categories":[18],"tags":[],"class_list":["post-39511","post","type-post","status-publish","format-standard","has-post-thumbnail","hentry","category-gundm"],"_links":{"self":[{"href":"https:\/\/rubin.az\/index.php?rest_route=\/wp\/v2\/posts\/39511","targetHints":{"allow":["GET"]}}],"collection":[{"href":"https:\/\/rubin.az\/index.php?rest_route=\/wp\/v2\/posts"}],"about":[{"href":"https:\/\/rubin.az\/index.php?rest_route=\/wp\/v2\/types\/post"}],"author":[{"embeddable":true,"href":"https:\/\/rubin.az\/index.php?rest_route=\/wp\/v2\/users\/1"}],"replies":[{"embeddable":true,"href":"https:\/\/rubin.az\/index.php?rest_route=%2Fwp%2Fv2%2Fcomments&post=39511"}],"version-history":[{"count":0,"href":"https:\/\/rubin.az\/index.php?rest_route=\/wp\/v2\/posts\/39511\/revisions"}],"wp:featuredmedia":[{"embeddable":true,"href":"https:\/\/rubin.az\/index.php?rest_route=\/wp\/v2\/media\/39512"}],"wp:attachment":[{"href":"https:\/\/rubin.az\/index.php?rest_route=%2Fwp%2Fv2%2Fmedia&parent=39511"}],"wp:term":[{"taxonomy":"category","embeddable":true,"href":"https:\/\/rubin.az\/index.php?rest_route=%2Fwp%2Fv2%2Fcategories&post=39511"},{"taxonomy":"post_tag","embeddable":true,"href":"https:\/\/rubin.az\/index.php?rest_route=%2Fwp%2Fv2%2Ftags&post=39511"}],"curies":[{"name":"wp","href":"https:\/\/api.w.org\/{rel}","templated":true}]}}