{"id":39507,"date":"2026-01-15T23:38:27","date_gmt":"2026-01-15T19:38:27","guid":{"rendered":"https:\/\/rubin.az\/?p=39507"},"modified":"2026-01-15T23:38:27","modified_gmt":"2026-01-15T19:38:27","slug":"iranda-800-n%c9%99f%c9%99rin-edam-q%c9%99rari-dayandirilib","status":"publish","type":"post","link":"https:\/\/rubin.az\/?p=39507","title":{"rendered":"\u0130randa 800 n\u0259f\u0259rin edam q\u0259rar\u0131 dayand\u0131r\u0131l\u0131b"},"content":{"rendered":"<p><img decoding=\"async\" src=\"https:\/\/apa.az\/storage\/news\/2026\/january\/15\/resize\/69693ef5bfa7d69693ef5bfa7e176850507769693ef5bfa7b69693ef5bfa7c.jpg\" \/><\/p>\n<div itemprop=\"articleBody\">\n<p><span style=\"font-size:11pt\"><span style=\"font-family:Calibri,sans-serif\"><span style=\"font-size:14.0pt\"><span style=\"font-family:&quot;Times New Roman&quot;,serif\">\u201cTramp\u0131n x\u0259b\u0259rdarl\u0131qlar\u0131ndan sonra \u0130ran 800 n\u0259f\u0259rin edam q\u0259rar\u0131n\u0131 dayand\u0131r\u0131b\u201d.<\/span><\/span><\/span><\/span><\/p>\n<p><span style=\"font-size:11pt\"><span style=\"font-family:Calibri,sans-serif\"><span style=\"font-size:14.0pt\"><span style=\"font-family:&quot;Times New Roman&quot;,serif\"><a href=\"https:\/\/apa.az\" class=\"hyperlink\" target=\"_blank\">APA<\/a> x\u0259b\u0259r verir ki, bunu A\u011f Evin m\u0259tbuat katibi Kerolayn Livitt bildirib.<\/span><\/span><\/span><\/span><\/p>\n<p><span style=\"font-size:11pt\"><span style=\"font-family:Calibri,sans-serif\"><span style=\"font-size:14.0pt\"><span style=\"font-family:&quot;Times New Roman&quot;,serif\">&#8220;Prezident v\u0259 onun komandas\u0131 \u0130rana q\u0259tll\u0259rin davam ed\u0259c\u0259yi t\u0259qdird\u0259 a\u011f\u0131r n\u0259tic\u0259l\u0259r\u0259 s\u0259b\u0259b olaca\u011f\u0131n\u0131 bildirib. D\u00fcn\u0259n planla\u015fd\u0131r\u0131lan v\u0259 ba\u015f tutmas\u0131 n\u0259z\u0259rd\u0259 tutulan 800 edam dayand\u0131r\u0131l\u0131b. Prezident v\u0259 onun komandas\u0131 bu v\u0259ziyy\u0259ti yax\u0131ndan izl\u0259yir v\u0259 b\u00fct\u00fcn variantlar h\u0259l\u0259 d\u0259 masada qal\u0131r&#8221;, &#8211; Livitt deyib.<\/span><\/span><\/span><\/span><\/p>\n<\/p><\/div>\n","protected":false},"excerpt":{"rendered":"<p>\u201cTramp\u0131n x\u0259b\u0259rdarl\u0131qlar\u0131ndan sonra \u0130ran 800 n\u0259f\u0259rin edam q\u0259rar\u0131n\u0131 dayand\u0131r\u0131b\u201d. APA x\u0259b\u0259r verir ki, bunu A\u011f Evin m\u0259tbuat katibi<\/p>\n","protected":false},"author":1,"featured_media":39508,"comment_status":"","ping_status":"","sticky":false,"template":"","format":"standard","meta":{"footnotes":""},"categories":[18],"tags":[],"class_list":["post-39507","post","type-post","status-publish","format-standard","has-post-thumbnail","hentry","category-gundm"],"_links":{"self":[{"href":"https:\/\/rubin.az\/index.php?rest_route=\/wp\/v2\/posts\/39507","targetHints":{"allow":["GET"]}}],"collection":[{"href":"https:\/\/rubin.az\/index.php?rest_route=\/wp\/v2\/posts"}],"about":[{"href":"https:\/\/rubin.az\/index.php?rest_route=\/wp\/v2\/types\/post"}],"author":[{"embeddable":true,"href":"https:\/\/rubin.az\/index.php?rest_route=\/wp\/v2\/users\/1"}],"replies":[{"embeddable":true,"href":"https:\/\/rubin.az\/index.php?rest_route=%2Fwp%2Fv2%2Fcomments&post=39507"}],"version-history":[{"count":0,"href":"https:\/\/rubin.az\/index.php?rest_route=\/wp\/v2\/posts\/39507\/revisions"}],"wp:featuredmedia":[{"embeddable":true,"href":"https:\/\/rubin.az\/index.php?rest_route=\/wp\/v2\/media\/39508"}],"wp:attachment":[{"href":"https:\/\/rubin.az\/index.php?rest_route=%2Fwp%2Fv2%2Fmedia&parent=39507"}],"wp:term":[{"taxonomy":"category","embeddable":true,"href":"https:\/\/rubin.az\/index.php?rest_route=%2Fwp%2Fv2%2Fcategories&post=39507"},{"taxonomy":"post_tag","embeddable":true,"href":"https:\/\/rubin.az\/index.php?rest_route=%2Fwp%2Fv2%2Ftags&post=39507"}],"curies":[{"name":"wp","href":"https:\/\/api.w.org\/{rel}","templated":true}]}}