{"id":39505,"date":"2026-01-15T22:37:37","date_gmt":"2026-01-15T18:37:37","guid":{"rendered":"http:\/\/rubin.az\/?p=39505"},"modified":"2026-01-15T22:37:37","modified_gmt":"2026-01-15T18:37:37","slug":"ai-yeni-t%c9%99hluk%c9%99sizlik-strategiyasi-uz%c9%99rind%c9%99-is%c9%99-baslayib","status":"publish","type":"post","link":"https:\/\/rubin.az\/?p=39505","title":{"rendered":"A\u0130 yeni t\u0259hl\u00fck\u0259sizlik strategiyas\u0131 \u00fcz\u0259rind\u0259 i\u015f\u0259 ba\u015flay\u0131b"},"content":{"rendered":"<p><img decoding=\"async\" src=\"https:\/\/apa.az\/storage\/news\/2026\/january\/15\/resize\/69693136dc44e69693136dc44f176850155869693136dc44c69693136dc44d.jpeg\" \/><\/p>\n<div itemprop=\"articleBody\">\n<p><span style=\"font-size:11pt\"><span style=\"font-family:Calibri,sans-serif\"><span style=\"font-size:14.0pt\"><span style=\"font-family:&quot;Times New Roman&quot;,serif\">Avropa \u0130ttifaq\u0131 yeni Avropa t\u0259hl\u00fck\u0259sizlik strategiyas\u0131 \u00fcz\u0259rind\u0259 i\u015f\u0259 ba\u015flay\u0131r.<\/span><\/span><\/span><\/span><\/p>\n<p><span style=\"font-size:11pt\"><span style=\"font-family:Calibri,sans-serif\"><span style=\"font-size:14.0pt\"><span style=\"font-family:&quot;Times New Roman&quot;,serif\"><a href=\"https:\/\/apa.az\" class=\"hyperlink\" target=\"_blank\">APA<\/a> x\u0259b\u0259r verir ki, bunu Avropa Komissiyas\u0131n\u0131n prezidenti Ursula fon der Leyen bildirib. <\/span><\/span><\/span><\/span><\/p>\n<p><span style=\"font-size:11pt\"><span style=\"font-family:Calibri,sans-serif\"><span style=\"font-size:14.0pt\"><span style=\"font-family:&quot;Times New Roman&quot;,serif\">&#8220;Biz yeni Avropa t\u0259hl\u00fck\u0259sizlik strategiyas\u0131 \u00fcz\u0259rind\u0259 i\u015fl\u0259m\u0259y\u0259 ba\u015flay\u0131r\u0131q. Bu ilkin m\u0259rh\u0259l\u0259d\u0259 m\u00f6vzular\u0131n siyah\u0131s\u0131n\u0131 ciddi \u015f\u0259kild\u0259 m\u0259hdudla\u015fd\u0131rmaq v\u0259 ya \u0259ksin\u0259 geni\u015fl\u0259ndirm\u0259k yersiz olard\u0131. Bu prosesin m\u0259qs\u0259di b\u00fct\u00fcn m\u0259lumatlar\u0131 toplamaq, d\u00fcnyada davam ed\u0259n geostrateji d\u0259yi\u015fiklikl\u0259ri v\u0259 m\u00f6vcud ehtiyaclar\u0131, el\u0259c\u0259 d\u0259 geosiyasi d\u0259yi\u015fiklikl\u0259ri s\u0259n\u0259dl\u0259\u015fdirm\u0259k v\u0259 onlara adekvat cavab verm\u0259kdir&#8221;, &#8211; diplomat deyib.<\/span><\/span><\/span><\/span><\/p>\n<\/p><\/div>\n","protected":false},"excerpt":{"rendered":"<p>Avropa \u0130ttifaq\u0131 yeni Avropa t\u0259hl\u00fck\u0259sizlik strategiyas\u0131 \u00fcz\u0259rind\u0259 i\u015f\u0259 ba\u015flay\u0131r. APA x\u0259b\u0259r verir ki, bunu Avropa Komissiyas\u0131n\u0131n prezidenti Ursula<\/p>\n","protected":false},"author":1,"featured_media":39506,"comment_status":"","ping_status":"","sticky":false,"template":"","format":"standard","meta":{"footnotes":""},"categories":[18],"tags":[],"class_list":["post-39505","post","type-post","status-publish","format-standard","has-post-thumbnail","hentry","category-gundm"],"_links":{"self":[{"href":"https:\/\/rubin.az\/index.php?rest_route=\/wp\/v2\/posts\/39505","targetHints":{"allow":["GET"]}}],"collection":[{"href":"https:\/\/rubin.az\/index.php?rest_route=\/wp\/v2\/posts"}],"about":[{"href":"https:\/\/rubin.az\/index.php?rest_route=\/wp\/v2\/types\/post"}],"author":[{"embeddable":true,"href":"https:\/\/rubin.az\/index.php?rest_route=\/wp\/v2\/users\/1"}],"replies":[{"embeddable":true,"href":"https:\/\/rubin.az\/index.php?rest_route=%2Fwp%2Fv2%2Fcomments&post=39505"}],"version-history":[{"count":0,"href":"https:\/\/rubin.az\/index.php?rest_route=\/wp\/v2\/posts\/39505\/revisions"}],"wp:featuredmedia":[{"embeddable":true,"href":"https:\/\/rubin.az\/index.php?rest_route=\/wp\/v2\/media\/39506"}],"wp:attachment":[{"href":"https:\/\/rubin.az\/index.php?rest_route=%2Fwp%2Fv2%2Fmedia&parent=39505"}],"wp:term":[{"taxonomy":"category","embeddable":true,"href":"https:\/\/rubin.az\/index.php?rest_route=%2Fwp%2Fv2%2Fcategories&post=39505"},{"taxonomy":"post_tag","embeddable":true,"href":"https:\/\/rubin.az\/index.php?rest_route=%2Fwp%2Fv2%2Ftags&post=39505"}],"curies":[{"name":"wp","href":"https:\/\/api.w.org\/{rel}","templated":true}]}}