{"id":39497,"date":"2026-01-15T18:33:29","date_gmt":"2026-01-15T14:33:29","guid":{"rendered":"https:\/\/rubin.az\/?p=39497"},"modified":"2026-01-15T18:33:29","modified_gmt":"2026-01-15T14:33:29","slug":"beyn%c9%99lxalq-al%c9%99md%c9%99-v%c9%99ziyy%c9%99t-getdikc%c9%99-pisl%c9%99sir","status":"publish","type":"post","link":"https:\/\/rubin.az\/?p=39497","title":{"rendered":"Beyn\u0259lxalq al\u0259md\u0259 v\u0259ziyy\u0259t getdikc\u0259 pisl\u0259\u015fir"},"content":{"rendered":"<p><img decoding=\"async\" src=\"https:\/\/apa.az\/storage\/news\/2026\/january\/15\/resize\/6968f5e216abd6968f5e216abe1768486370235ebfd1a5fecdb42b790f784b0438f9.jpg\" \/><\/p>\n<div itemprop=\"articleBody\">\n<p>&#13;<br \/>\nBeyn\u0259lxalq v\u0259ziyy\u0259t deqradasiyaya u\u011fray\u0131r.<\/p>\n<p>&#13;<br \/>\n<a href=\"https:\/\/apa.az\" class=\"hyperlink\" target=\"_blank\">APA<\/a>-n\u0131n Moskva b\u00fcrosu x\u0259b\u0259r verir ki, bunu Rusiya Prezidenti Vladimir Putin xarici \u00f6lk\u0259l\u0259rin s\u0259firl\u0259rinin etimadnam\u0259l\u0259rini t\u0259qdim etm\u0259 m\u0259rasimind\u0259 deyib.<\/p>\n<p>&#13;<br \/>\nOnun s\u00f6zl\u0259rin\u0259 g\u00f6r\u0259, m\u00fcnaqi\u015f\u0259l\u0259r \u015fidd\u0259tl\u0259nir v\u0259 yeni qaynar n\u00f6qt\u0259l\u0259r ortaya \u00e7\u0131x\u0131r, beyn\u0259lxalq al\u0259md\u0259 v\u0259ziyy\u0259t getdikc\u0259 pisl\u0259\u015fir.<\/p>\n<p>&#13;<br \/>\nPutin vur\u011fulay\u0131b ki, Rusiya h\u0259mi\u015f\u0259 balansl\u0131 kurs y\u00fcr\u00fcd\u0259c\u0259k v\u0259 \u00e7oxq\u00fctbl\u00fc d\u00fcnyaya sadiqdir.<\/p>\n<p>&#13;<br \/>\nPutin bildirib ki, Ukrayna b\u00f6hran\u0131 Rusiyan\u0131n maraqlar\u0131n\u0131 v\u0259 NATO-nun s\u0259rh\u0259dl\u0259rin\u0259 do\u011fru ir\u0259lil\u0259m\u0259sini ill\u0259rdir g\u00f6rm\u0259zd\u0259n g\u0259lm\u0259yin birba\u015fa n\u0259tic\u0259sidir. O \u0259min edib ki, \u201cRusiya Ukraynadak\u0131 m\u0259qs\u0259dl\u0259rini ard\u0131c\u0131l olaraq h\u0259yata ke\u00e7irm\u0259y\u0259 davam ed\u0259c\u0259k\u201d.<\/p>\n<p>&#13;<br \/>\n\u201cHesab edirik ki, Ukraynadak\u0131 m\u00fcnaqi\u015f\u0259nin s\u00fclh yolu il\u0259 h\u0259llin\u0259 nail olmaq \u00fc\u00e7\u00fcn \u015f\u0259rtl\u0259ri m\u00f6hk\u0259ml\u0259ndirm\u0259kl\u0259 \u0259sasl\u0131 m\u00fczakir\u0259y\u0259 qay\u0131tma\u011fa d\u0259y\u0259r v\u0259 bu, n\u0259 q\u0259d\u0259r tez olsa, bir o q\u0259d\u0259r yax\u015f\u0131d\u0131r\u201d, &#8211; Rusiya lideri qeyd edib.<\/p>\n<p>&#13;<br \/>\nPutin Rusiyan\u0131n Avropa \u00f6lk\u0259l\u0259ri il\u0259 laz\u0131mi s\u0259viyy\u0259d\u0259 m\u00fcnasib\u0259tl\u0259ri b\u0259rpa etm\u0259y\u0259 haz\u0131r oldu\u011funu diqq\u0259t\u0259 \u00e7atd\u0131r\u0131b.<\/p>\n<\/p><\/div>\n","protected":false},"excerpt":{"rendered":"<p>&#13; Beyn\u0259lxalq v\u0259ziyy\u0259t deqradasiyaya u\u011fray\u0131r. &#13; APA-n\u0131n Moskva b\u00fcrosu x\u0259b\u0259r verir ki, bunu Rusiya Prezidenti Vladimir Putin xarici<\/p>\n","protected":false},"author":1,"featured_media":39498,"comment_status":"","ping_status":"","sticky":false,"template":"","format":"standard","meta":{"footnotes":""},"categories":[18],"tags":[],"class_list":["post-39497","post","type-post","status-publish","format-standard","has-post-thumbnail","hentry","category-gundm"],"_links":{"self":[{"href":"https:\/\/rubin.az\/index.php?rest_route=\/wp\/v2\/posts\/39497","targetHints":{"allow":["GET"]}}],"collection":[{"href":"https:\/\/rubin.az\/index.php?rest_route=\/wp\/v2\/posts"}],"about":[{"href":"https:\/\/rubin.az\/index.php?rest_route=\/wp\/v2\/types\/post"}],"author":[{"embeddable":true,"href":"https:\/\/rubin.az\/index.php?rest_route=\/wp\/v2\/users\/1"}],"replies":[{"embeddable":true,"href":"https:\/\/rubin.az\/index.php?rest_route=%2Fwp%2Fv2%2Fcomments&post=39497"}],"version-history":[{"count":0,"href":"https:\/\/rubin.az\/index.php?rest_route=\/wp\/v2\/posts\/39497\/revisions"}],"wp:featuredmedia":[{"embeddable":true,"href":"https:\/\/rubin.az\/index.php?rest_route=\/wp\/v2\/media\/39498"}],"wp:attachment":[{"href":"https:\/\/rubin.az\/index.php?rest_route=%2Fwp%2Fv2%2Fmedia&parent=39497"}],"wp:term":[{"taxonomy":"category","embeddable":true,"href":"https:\/\/rubin.az\/index.php?rest_route=%2Fwp%2Fv2%2Fcategories&post=39497"},{"taxonomy":"post_tag","embeddable":true,"href":"https:\/\/rubin.az\/index.php?rest_route=%2Fwp%2Fv2%2Ftags&post=39497"}],"curies":[{"name":"wp","href":"https:\/\/api.w.org\/{rel}","templated":true}]}}