{"id":39487,"date":"2026-01-15T13:28:18","date_gmt":"2026-01-15T09:28:18","guid":{"rendered":"http:\/\/rubin.az\/?p=39487"},"modified":"2026-01-15T13:28:18","modified_gmt":"2026-01-15T09:28:18","slug":"avropa-olk%c9%99l%c9%99rinin-bir-qrup-h%c9%99rbcisi-qrenlandiyaya-catib","status":"publish","type":"post","link":"https:\/\/rubin.az\/?p=39487","title":{"rendered":"Avropa \u00f6lk\u0259l\u0259rinin bir qrup h\u0259rb\u00e7isi Qrenlandiyaya \u00e7at\u0131b"},"content":{"rendered":"<p><img decoding=\"async\" src=\"https:\/\/apa.az\/storage\/news\/2026\/january\/15\/resize\/6968aeab6631b6968aeab6631c17684681396968aeab663196968aeab6631a.png\" \/><\/p>\n<div itemprop=\"articleBody\">\n<p><span style=\"font-size:12pt\"><span style=\"font-family:&quot;Times New Roman&quot;,serif\"><span style=\"font-size:14.0pt\"><span style=\"font-family:&quot;Tahoma&quot;,sans-serif\">Avropa \u00f6lk\u0259l\u0259rinin bir qrup h\u0259rb\u00e7isi Qrenlandiyaya \u00e7at\u0131b.<\/span><\/span><\/span><\/span><\/p>\n<p><span style=\"font-size:12pt\"><span style=\"font-family:&quot;Times New Roman&quot;,serif\"><span style=\"font-size:14.0pt\"><span style=\"font-family:&quot;Tahoma&quot;,sans-serif\"><a href=\"https:\/\/apa.az\" class=\"hyperlink\" target=\"_blank\">APA<\/a> x\u0259b\u0259r verir ki, bu bar\u0259d\u0259 \u201cBild\u201d m\u0259lumat yay\u0131b. <\/span><\/span><\/span><\/span><\/p>\n<p><span style=\"font-size:12pt\"><span style=\"font-family:&quot;Times New Roman&quot;,serif\"><span style=\"font-size:14.0pt\"><span style=\"font-family:&quot;Tahoma&quot;,sans-serif\">M\u0259lumata g\u00f6r\u0259, \u00f6t\u0259n gec\u0259 Danimarka ordusuna m\u0259xsus \u201cHercules\u201d h\u0259rbi-n\u0259qliyyat t\u0259yyar\u0259si Nuuk hava liman\u0131na enib. T\u0259yyar\u0259d\u0259 Danimarka h\u0259rb\u00e7il\u0259ri v\u0259 Fransa ordusunun n\u00fcmay\u0259nd\u0259l\u0259ri olub. Bundan \u0259lav\u0259, adan\u0131n q\u0259rbind\u0259ki Kangerlussuaq \u015f\u0259h\u0259rin\u0259 ba\u015fqa bir \u201cHercules\u201d t\u0259yyar\u0259si d\u0259 enib. Bu g\u00fcn Bundesverin h\u0259rbi\u00e7il\u0259ri d\u0259 onlara qo\u015fulacaq. <\/span><\/span><\/span><\/span><\/p>\n<p><span style=\"font-size:12pt\"><span style=\"font-family:&quot;Times New Roman&quot;,serif\"><span style=\"font-size:14.0pt\"><span style=\"font-family:&quot;Tahoma&quot;,sans-serif\">Qrenlandiyada h\u0259rbi b\u00f6lm\u0259l\u0259rin yerl\u0259\u015fdirilm\u0259si missiyas\u0131na, h\u0259m\u00e7inin, B\u00f6y\u00fck Britaniya, Kanada, Niderland, Norve\u00e7 v\u0259 \u0130sve\u00e7 d\u0259 qat\u0131lacaq.<\/span><\/span><\/span><\/span><\/p>\n<p><span style=\"font-size:12pt\"><span style=\"font-family:&quot;Times New Roman&quot;,serif\"><span style=\"font-size:14.0pt\"><span style=\"font-family:&quot;Tahoma&quot;,sans-serif\">Fransa Prezidenti Emmanuel Makron \u201cX\u201d-d\u0259 frans\u0131z h\u0259rb\u00e7il\u0259rinin Danimarka t\u0259r\u0259find\u0259n dig\u0259r Avropa t\u0259r\u0259fda\u015flar\u0131 il\u0259 birg\u0259 t\u0259\u015fkil olunan t\u0259liml\u0259rd\u0259 i\u015ftirak etm\u0259k \u00fc\u00e7\u00fcn Qrenlandiyaya g\u00f6nd\u0259rildiyini bildirib.<\/span><\/span><\/span><\/span><\/p>\n<p><span style=\"font-size:12pt\"><span style=\"font-family:&quot;Times New Roman&quot;,serif\"><span style=\"font-size:14.0pt\"><span style=\"font-family:&quot;Tahoma&quot;,sans-serif\">Makron qeyd edib ki, birl\u0259\u015fmi\u015f h\u0259rbi q\u00fcvv\u0259l\u0259r Danimarka t\u0259r\u0259find\u0259n Qrenlandiyada t\u0259\u015fkil olunan birg\u0259 t\u0259liml\u0259rd\u0259 \u2014 \u201cArktik D\u00f6z\u00fcml\u00fcl\u00fck\u201d \u0259m\u0259liyyat\u0131nda i\u015ftirak ed\u0259c\u0259kl\u0259r.<\/span><\/span><\/span><\/span><\/p>\n<p><span style=\"font-size:12pt\"><span style=\"font-family:&quot;Times New Roman&quot;,serif\"><span style=\"font-size:14.0pt\"><span style=\"font-family:&quot;Tahoma&quot;,sans-serif\">Bildirilir ki, h\u0259rb\u00e7il\u0259rin yerl\u0259\u015fdirilm\u0259si \u00fc\u00e7\u00fcn haz\u0131rl\u0131q son g\u00fcnl\u0259rd\u0259 apar\u0131l\u0131b v\u0259 gizli saxlan\u0131l\u0131b. M\u00fcxt\u0259lif \u00f6lk\u0259l\u0259rin Silahl\u0131 Q\u00fcvv\u0259l\u0259rinin n\u00fcmay\u0259nd\u0259l\u0259ri Danimarka, Qrenlandiya v\u0259 AB\u015e aras\u0131nda dan\u0131\u015f\u0131qlar\u0131n u\u011fursuzlu\u011fundan sonra adaya yola d\u00fc\u015f\u00fcbl\u0259r.<\/span><\/span><\/span><\/span><\/p>\n<\/p><\/div>\n","protected":false},"excerpt":{"rendered":"<p>Avropa \u00f6lk\u0259l\u0259rinin bir qrup h\u0259rb\u00e7isi Qrenlandiyaya \u00e7at\u0131b. APA x\u0259b\u0259r verir ki, bu bar\u0259d\u0259 \u201cBild\u201d m\u0259lumat yay\u0131b. M\u0259lumata g\u00f6r\u0259,<\/p>\n","protected":false},"author":1,"featured_media":39488,"comment_status":"","ping_status":"","sticky":false,"template":"","format":"standard","meta":{"footnotes":""},"categories":[18],"tags":[],"class_list":["post-39487","post","type-post","status-publish","format-standard","has-post-thumbnail","hentry","category-gundm"],"_links":{"self":[{"href":"https:\/\/rubin.az\/index.php?rest_route=\/wp\/v2\/posts\/39487","targetHints":{"allow":["GET"]}}],"collection":[{"href":"https:\/\/rubin.az\/index.php?rest_route=\/wp\/v2\/posts"}],"about":[{"href":"https:\/\/rubin.az\/index.php?rest_route=\/wp\/v2\/types\/post"}],"author":[{"embeddable":true,"href":"https:\/\/rubin.az\/index.php?rest_route=\/wp\/v2\/users\/1"}],"replies":[{"embeddable":true,"href":"https:\/\/rubin.az\/index.php?rest_route=%2Fwp%2Fv2%2Fcomments&post=39487"}],"version-history":[{"count":0,"href":"https:\/\/rubin.az\/index.php?rest_route=\/wp\/v2\/posts\/39487\/revisions"}],"wp:featuredmedia":[{"embeddable":true,"href":"https:\/\/rubin.az\/index.php?rest_route=\/wp\/v2\/media\/39488"}],"wp:attachment":[{"href":"https:\/\/rubin.az\/index.php?rest_route=%2Fwp%2Fv2%2Fmedia&parent=39487"}],"wp:term":[{"taxonomy":"category","embeddable":true,"href":"https:\/\/rubin.az\/index.php?rest_route=%2Fwp%2Fv2%2Fcategories&post=39487"},{"taxonomy":"post_tag","embeddable":true,"href":"https:\/\/rubin.az\/index.php?rest_route=%2Fwp%2Fv2%2Ftags&post=39487"}],"curies":[{"name":"wp","href":"https:\/\/api.w.org\/{rel}","templated":true}]}}