{"id":39485,"date":"2026-01-15T12:26:28","date_gmt":"2026-01-15T08:26:28","guid":{"rendered":"https:\/\/rubin.az\/?p=39485"},"modified":"2026-01-15T12:26:28","modified_gmt":"2026-01-15T08:26:28","slug":"tripp-uzr%c9%99-razilasmalar-mumkun-q%c9%99d%c9%99r-tez-bir-zamanda-de-yure-t%c9%99sdiql%c9%99nm%c9%99lidir","status":"publish","type":"post","link":"https:\/\/rubin.az\/?p=39485","title":{"rendered":"TRIPP \u00fczr\u0259 raz\u0131la\u015fmalar m\u00fcmk\u00fcn q\u0259d\u0259r tez bir zamanda de-yure t\u0259sdiql\u0259nm\u0259lidir"},"content":{"rendered":"<p><img decoding=\"async\" src=\"https:\/\/apa.az\/storage\/news\/2026\/january\/15\/resize\/6968a3b4b80b26968a3b4b80b31768465332d3431b384be46140e9a5c01e6d22a43a.jpg\" \/><\/p>\n<div itemprop=\"articleBody\">\n<p><span style=\"font-size:12pt\"><span style=\"font-family:&quot;Times New Roman&quot;,serif\"><span style=\"font-size:14.0pt\"><span style=\"font-family:&quot;Tahoma&quot;,sans-serif\">TRIPP-in icras\u0131 \u00fczr\u0259 \u00e7\u0259r\u00e7iv\u0259 s\u0259n\u0259di s\u00fclh prosesinin daha bir \u0259sas s\u0259n\u0259didir.<\/span><\/span><\/span><\/span><\/p>\n<p><span style=\"font-size:12pt\"><span style=\"font-family:&quot;Times New Roman&quot;,serif\"><span style=\"font-size:14.0pt\"><span style=\"font-family:&quot;Tahoma&quot;,sans-serif\"><a href=\"https:\/\/apa.az\" class=\"hyperlink\" target=\"_blank\">APA<\/a> \u201cArmenpress\u201d\u0259 istinad\u0259n x\u0259b\u0259r verir ki, bunu Erm\u0259nistan\u0131n Ba\u015f naziri Nikol Pa\u015finyan bu g\u00fcn h\u00f6kum\u0259tin iclas\u0131nda deyib. <\/span><\/span><\/span><\/span><\/p>\n<p><span style=\"font-size:12pt\"><span style=\"font-family:&quot;Times New Roman&quot;,serif\"><span style=\"font-size:14.0pt\"><span style=\"font-family:&quot;Tahoma&quot;,sans-serif\">O bildirib ki, ad\u0131\u00e7\u0259kil\u0259n s\u0259n\u0259d 2025-ci il 8 avqust tarixli b\u0259yanatdan sonra n\u00f6vb\u0259ti vacib add\u0131md\u0131r. <\/span><\/span><\/span><\/span><\/p>\n<p><span style=\"font-size:12pt\"><span style=\"font-family:&quot;Times New Roman&quot;,serif\"><span style=\"font-size:14.0pt\"><span style=\"font-family:&quot;Tahoma&quot;,sans-serif\">Pa\u015finyan\u0131n s\u00f6zl\u0259rin\u0259 g\u00f6r\u0259, h\u0259min b\u0259yanat \u00e7\u0259r\u00e7iv\u0259 s\u0259viyy\u0259sind\u0259 s\u00fclh prosesinin \u0259sas v\u0259 prinsipial m\u0259s\u0259l\u0259l\u0259rind\u0259n biri \u2014 regional kommunikasiyalar\u0131n a\u00e7\u0131lmas\u0131 m\u0259s\u0259l\u0259sini h\u0259ll edir v\u0259 bu, b\u00fct\u00fcn fundamental m\u0259s\u0259l\u0259l\u0259ri \u0259hat\u0259 edir: \u201cB\u0259yanat\u0131n m\u0259nas\u0131 v\u0259 praktik \u0259h\u0259miyy\u0259ti ondad\u0131r ki, \u00f6lk\u0259mizd\u0259 v\u0259 regionumuzda s\u00fclh \u00e7ox konkret v\u0259 praktik add\u0131mlarla t\u0259min olunur v\u0259 bu art\u0131q reall\u0131qd\u0131r\u201d.<\/span><\/span><\/span><\/span><\/p>\n<p><span style=\"font-size:12pt\"><span style=\"font-family:&quot;Times New Roman&quot;,serif\"><span style=\"font-size:14.0pt\"><span style=\"font-family:&quot;Tahoma&quot;,sans-serif\">Pa\u015finyan m\u00f6vcud s\u00fclh\u00fcn qorunmas\u0131n\u0131n vacibliyini qeyd ed\u0259r\u0259k bildirib ki, Erm\u0259nistan tarix\u0259n uzunm\u00fcdd\u0259tli s\u00fclh \u015f\u0259raitind\u0259 ya\u015famay\u0131b v\u0259 bu proses yeni m\u0259d\u0259niyy\u0259t v\u0259 d\u00fc\u015f\u00fcnc\u0259 t\u0259l\u0259b edir: \u201cM\u00fcnaqi\u015f\u0259 m\u0259ntiqi h\u0259l\u0259 d\u0259 dilimizd\u0259 v\u0259 ifad\u0259l\u0259rimizd\u0259 \u00e7ox g\u00fccl\u00fcd\u00fcr, s\u00fclh is\u0259 \u015f\u00fcurumuza \u00e7ox yava\u015f daxil olur. Son 35 ilin t\u0259cr\u00fcb\u0259sini n\u0259z\u0259r\u0259 alsaq, bu normald\u0131r. Amma \u00f6n\u0259mli olan odur ki, art\u0131q yerind\u0259 m\u00f6vcud olan reall\u0131qlar sosial-psixoloji s\u00fclh bazas\u0131n\u0131n formala\u015fmas\u0131na xidm\u0259t etm\u0259lidir\u201d.<\/span><\/span><\/span><\/span><\/p>\n<p><span style=\"font-size:12pt\"><span style=\"font-family:&quot;Times New Roman&quot;,serif\"><span style=\"font-size:14.0pt\"><span style=\"font-family:&quot;Tahoma&quot;,sans-serif\">Ba\u015f nazir \u0259lav\u0259 edib ki, TRIPP \u00e7\u0259r\u00e7iv\u0259sind\u0259 \u0259ld\u0259 olunmu\u015f raz\u0131la\u015fmalar m\u00fcmk\u00fcn q\u0259d\u0259r tez bir zamanda de-yure m\u00fcqavil\u0259l\u0259r \u015f\u0259klind\u0259 t\u0259sdiql\u0259nm\u0259lidir: \u201cBiz m\u00fcqavil\u0259 layih\u0259l\u0259ri v\u0259 z\u0259ruri h\u00fcquqi q\u0259rarlar \u00fcz\u0259rind\u0259 i\u015f\u0259 ba\u015flamal\u0131y\u0131q. X\u00fcsusil\u0259, Erm\u0259nistan Respublikas\u0131nda TRIPP ad\u0131nda bir \u015firk\u0259t yarad\u0131lmal\u0131d\u0131r. H\u0259m\u00e7inin mar\u015frutlar, tikinti h\u00fcquqlar\u0131, torpaqdan istifad\u0259 v\u0259 tikinti icaz\u0259l\u0259rinin m\u00fc\u0259yy\u0259n edilm\u0259si vacibdir\u201d.<\/span><\/span><\/span><\/span><\/p>\n<p><span style=\"font-size:12pt\"><span style=\"font-family:&quot;Times New Roman&quot;,serif\"><span style=\"font-size:14.0pt\"><span style=\"font-family:&quot;Tahoma&quot;,sans-serif\">O, d\u00f6vl\u0259t strukturlar\u0131n\u0131n g\u0259l\u0259c\u0259k prosesl\u0259r\u0259 art\u0131q bu g\u00fcn haz\u0131rla\u015fmal\u0131 oldu\u011funu vur\u011fulay\u0131b.<\/span><\/span><\/span><\/span><\/p>\n<\/p><\/div>\n","protected":false},"excerpt":{"rendered":"<p>TRIPP-in icras\u0131 \u00fczr\u0259 \u00e7\u0259r\u00e7iv\u0259 s\u0259n\u0259di s\u00fclh prosesinin daha bir \u0259sas s\u0259n\u0259didir. APA \u201cArmenpress\u201d\u0259 istinad\u0259n x\u0259b\u0259r verir ki, bunu<\/p>\n","protected":false},"author":1,"featured_media":39486,"comment_status":"","ping_status":"","sticky":false,"template":"","format":"standard","meta":{"footnotes":""},"categories":[18],"tags":[],"class_list":["post-39485","post","type-post","status-publish","format-standard","has-post-thumbnail","hentry","category-gundm"],"_links":{"self":[{"href":"https:\/\/rubin.az\/index.php?rest_route=\/wp\/v2\/posts\/39485","targetHints":{"allow":["GET"]}}],"collection":[{"href":"https:\/\/rubin.az\/index.php?rest_route=\/wp\/v2\/posts"}],"about":[{"href":"https:\/\/rubin.az\/index.php?rest_route=\/wp\/v2\/types\/post"}],"author":[{"embeddable":true,"href":"https:\/\/rubin.az\/index.php?rest_route=\/wp\/v2\/users\/1"}],"replies":[{"embeddable":true,"href":"https:\/\/rubin.az\/index.php?rest_route=%2Fwp%2Fv2%2Fcomments&post=39485"}],"version-history":[{"count":0,"href":"https:\/\/rubin.az\/index.php?rest_route=\/wp\/v2\/posts\/39485\/revisions"}],"wp:featuredmedia":[{"embeddable":true,"href":"https:\/\/rubin.az\/index.php?rest_route=\/wp\/v2\/media\/39486"}],"wp:attachment":[{"href":"https:\/\/rubin.az\/index.php?rest_route=%2Fwp%2Fv2%2Fmedia&parent=39485"}],"wp:term":[{"taxonomy":"category","embeddable":true,"href":"https:\/\/rubin.az\/index.php?rest_route=%2Fwp%2Fv2%2Fcategories&post=39485"},{"taxonomy":"post_tag","embeddable":true,"href":"https:\/\/rubin.az\/index.php?rest_route=%2Fwp%2Fv2%2Ftags&post=39485"}],"curies":[{"name":"wp","href":"https:\/\/api.w.org\/{rel}","templated":true}]}}