{"id":39483,"date":"2026-01-15T11:24:05","date_gmt":"2026-01-15T07:24:05","guid":{"rendered":"http:\/\/rubin.az\/?p=39483"},"modified":"2026-01-15T11:24:05","modified_gmt":"2026-01-15T07:24:05","slug":"ai-az%c9%99rbaycanin-vaqif-xacatryan-v%c9%99-dig%c9%99r-uc-erm%c9%99nini-t%c9%99hvil-verm%c9%99sini-alqislayib","status":"publish","type":"post","link":"https:\/\/rubin.az\/?p=39483","title":{"rendered":"A\u0130 Az\u0259rbaycan\u0131n Vaqif Xa\u00e7atryan v\u0259 dig\u0259r \u00fc\u00e7 erm\u0259nini t\u0259hvil verm\u0259sini alq\u0131\u015flay\u0131b"},"content":{"rendered":"<p><img decoding=\"async\" src=\"https:\/\/apa.az\/storage\/news\/2026\/january\/15\/resize\/6968956e685ec6968956e685ed17684616786968956e685ea6968956e685eb.jpg\" \/><\/p>\n<div itemprop=\"articleBody\">\n<p><span style=\"font-size:12pt\"><span style=\"font-family:&quot;Times New Roman&quot;,serif\"><span style=\"font-size:14.0pt\"><span style=\"font-family:&quot;Tahoma&quot;,sans-serif\">A<\/span><\/span><span style=\"font-size:14.0pt\"><span style=\"font-family:&quot;Tahoma&quot;,sans-serif\">vropa \u0130ttifaq\u0131 (A\u0130) <\/span><\/span><span style=\"font-size:14.0pt\"><span style=\"font-family:&quot;Tahoma&quot;,sans-serif\">Az\u0259rbaycan<\/span><\/span><span style=\"font-size:14.0pt\"><span style=\"font-family:&quot;Tahoma&quot;,sans-serif\">\u0131n<\/span><\/span><span style=\"font-size:14.0pt\"><span style=\"font-family:&quot;Tahoma&quot;,sans-serif\"> Vaqif Xa\u00e7atryan, Gevorq Sujyan, David Davtyan v\u0259 Vigen Eulcekciyan\u0131 Erm\u0259nistana <a href=\"https:\/\/apa.az\/xarici-siyaset\/azerbaycan-vaqif-xacatryan-gevorq-sujyan-david-davtyan-ve-vigen-eulcekciyani-ermenistana-tehvil-verib-934962\">t\u0259hvil<\/a> verm\u0259sini alq\u0131\u015flay\u0131b. <\/span><\/span><\/span><\/span><\/p>\n<p><span style=\"font-size:12pt\"><span style=\"font-family:&quot;Times New Roman&quot;,serif\"><span style=\"font-size:14.0pt\"><span style=\"font-family:&quot;Tahoma&quot;,sans-serif\"><a href=\"https:\/\/apa.az\" class=\"hyperlink\" target=\"_blank\">APA<\/a> x\u0259b\u0259r verir ki, bu bar\u0259d\u0259 A\u0130-nin xarici siyas\u0259t v\u0259 t\u0259hl\u00fck\u0259sizlik xidm\u0259tinin r\u0259smi n\u00fcmay\u0259nd\u0259si Anita Hipper \u201cX\u201d-d\u0259 bildirib.<\/span><\/span><\/span><\/span><\/p>\n<p><span style=\"font-size:12pt\"><span style=\"font-family:&quot;Times New Roman&quot;,serif\"><span style=\"font-size:14.0pt\"><span style=\"font-family:&quot;Tahoma&quot;,sans-serif\">\u201c<\/span><\/span><span style=\"font-size:14.0pt\"><span style=\"font-family:&quot;Tahoma&quot;,sans-serif\">Bu, Erm\u0259nistan v\u0259 Az\u0259rbaycan aras\u0131nda s\u00fclh prosesind\u0259 ir\u0259liy\u0259 do\u011fru at\u0131lm\u0131\u015f m\u00fch\u00fcm add\u0131md\u0131r. A\u0130 iki \u00f6lk\u0259 aras\u0131nda g\u0259l\u0259c\u0259k m\u00fcsb\u0259t add\u0131mlar\u0131 d\u0259st\u0259kl\u0259m\u0259y\u0259 davam ed\u0259c\u0259k<\/span><\/span><span style=\"font-size:14.0pt\"><span style=\"font-family:&quot;Tahoma&quot;,sans-serif\">\u201d<\/span><\/span><span style=\"font-size:14.0pt\"><span style=\"font-family:&quot;Tahoma&quot;,sans-serif\">, &#8211;<\/span><\/span><span style=\"font-size:14.0pt\"><span style=\"font-family:&quot;Tahoma&quot;,sans-serif\"> o qeyd edib.<\/span><\/span> <\/span><\/span><\/p>\n<p><span style=\"font-size:12pt\"><span style=\"font-family:&quot;Times New Roman&quot;,serif\"><span style=\"font-size:14.0pt\"><span style=\"font-family:&quot;Tahoma&quot;,sans-serif\">A\u0130-nin C\u0259nubi Qafqaz v\u0259 G\u00fcrc\u00fcstan b\u00f6hran\u0131 \u00fczr\u0259 x\u00fcsusi n\u00fcmay\u0259nd\u0259si Maqdalena Qrono da Az\u0259rbaycan<\/span><\/span><span style=\"font-size:14.0pt\"><span style=\"font-family:&quot;Tahoma&quot;,sans-serif\">\u0131n<\/span><\/span><span style=\"font-size:14.0pt\"><span style=\"font-family:&quot;Tahoma&quot;,sans-serif\"> Vaqif Xa\u00e7atryan, Gevorq Sujyan, David Davtyan v\u0259 Vigen Eulcekciyan\u0131 Erm\u0259nistana t\u0259hvil verm\u0259sini alq\u0131\u015flay\u0131b.<\/span><\/span><\/span><\/span><\/p>\n<\/p><\/div>\n","protected":false},"excerpt":{"rendered":"<p>Avropa \u0130ttifaq\u0131 (A\u0130) Az\u0259rbaycan\u0131n Vaqif Xa\u00e7atryan, Gevorq Sujyan, David Davtyan v\u0259 Vigen Eulcekciyan\u0131 Erm\u0259nistana t\u0259hvil verm\u0259sini alq\u0131\u015flay\u0131b. APA<\/p>\n","protected":false},"author":1,"featured_media":39484,"comment_status":"","ping_status":"","sticky":false,"template":"","format":"standard","meta":{"footnotes":""},"categories":[18],"tags":[],"class_list":["post-39483","post","type-post","status-publish","format-standard","has-post-thumbnail","hentry","category-gundm"],"_links":{"self":[{"href":"https:\/\/rubin.az\/index.php?rest_route=\/wp\/v2\/posts\/39483","targetHints":{"allow":["GET"]}}],"collection":[{"href":"https:\/\/rubin.az\/index.php?rest_route=\/wp\/v2\/posts"}],"about":[{"href":"https:\/\/rubin.az\/index.php?rest_route=\/wp\/v2\/types\/post"}],"author":[{"embeddable":true,"href":"https:\/\/rubin.az\/index.php?rest_route=\/wp\/v2\/users\/1"}],"replies":[{"embeddable":true,"href":"https:\/\/rubin.az\/index.php?rest_route=%2Fwp%2Fv2%2Fcomments&post=39483"}],"version-history":[{"count":0,"href":"https:\/\/rubin.az\/index.php?rest_route=\/wp\/v2\/posts\/39483\/revisions"}],"wp:featuredmedia":[{"embeddable":true,"href":"https:\/\/rubin.az\/index.php?rest_route=\/wp\/v2\/media\/39484"}],"wp:attachment":[{"href":"https:\/\/rubin.az\/index.php?rest_route=%2Fwp%2Fv2%2Fmedia&parent=39483"}],"wp:term":[{"taxonomy":"category","embeddable":true,"href":"https:\/\/rubin.az\/index.php?rest_route=%2Fwp%2Fv2%2Fcategories&post=39483"},{"taxonomy":"post_tag","embeddable":true,"href":"https:\/\/rubin.az\/index.php?rest_route=%2Fwp%2Fv2%2Ftags&post=39483"}],"curies":[{"name":"wp","href":"https:\/\/api.w.org\/{rel}","templated":true}]}}