{"id":39464,"date":"2026-01-15T01:12:38","date_gmt":"2026-01-14T21:12:38","guid":{"rendered":"https:\/\/rubin.az\/?p=39464"},"modified":"2026-01-15T01:12:38","modified_gmt":"2026-01-14T21:12:38","slug":"fon-der-lyayen-yenid%c9%99n-etimad-s%c9%99sverm%c9%99si-m%c9%99s%c9%99l%c9%99si-il%c9%99-uzl%c9%99s%c9%99-bil%c9%99r","status":"publish","type":"post","link":"https:\/\/rubin.az\/?p=39464","title":{"rendered":"Fon der Lyayen yenid\u0259n etimad s\u0259sverm\u0259si m\u0259s\u0259l\u0259si il\u0259 \u00fczl\u0259\u015f\u0259 bil\u0259r"},"content":{"rendered":"<p><img decoding=\"async\" src=\"https:\/\/apa.az\/storage\/news\/2026\/january\/14\/resize\/6967e8863ba086967e8863ba0917684174146967e8863ba066967e8863ba07.webp\" \/><\/p>\n<div itemprop=\"articleBody\">\n<p>Avropa Komissiyas\u0131 Ursula fon der Lyayenin r\u0259hb\u0259rliyi alt\u0131nda yenid\u0259n Avropa Parlamentind\u0259 etimad s\u0259sverm\u0259si m\u0259s\u0259l\u0259si il\u0259 \u00fczl\u0259\u015f\u0259 bil\u0259r.<\/p>\n<p><a href=\"https:\/\/apa.az\" class=\"hyperlink\" target=\"_blank\">APA<\/a> x\u0259b\u0259r verir ki, bu bar\u0259d\u0259 &#8220;DPA&#8221; agentliyi m\u0259lumat yay\u0131b.<\/p>\n<p>Agentliyin m\u0259lumat\u0131na g\u00f6r\u0259, Avropa Parlamentinin s\u0259dri Roberta Metsola bu bar\u0259d\u0259 fraksiya r\u0259hb\u0259rl\u0259rini m\u0259lumatland\u0131r\u0131b. M\u00fczakir\u0259 v\u0259 s\u0259sverm\u0259 g\u0259l\u0259n h\u0259ft\u0259 Strasburqda ke\u00e7iril\u0259c\u0259k parlament sessiyas\u0131nda ba\u015f tutacaq.<\/p>\n<p>M\u0259lumata g\u00f6r\u0259, etimad s\u0259sverm\u0259si fon der Lyayen v\u0259 onun komandas\u0131n\u0131, ilk n\u00f6vb\u0259d\u0259, Avropa \u0130ttifaq\u0131 il\u0259 C\u0259nubi Amerika \u00dcmumi Bazar\u0131 (MERCOSUR) aras\u0131nda azad ticar\u0259t sazi\u015fin\u0259 g\u00f6r\u0259 t\u0259nqid ed\u0259n sa\u011f-m\u00fchafiz\u0259kar &#8220;Avropan\u0131n V\u0259t\u0259np\u0259rv\u0259rl\u0259ri&#8221; fraksiyas\u0131 t\u0259r\u0259find\u0259n ir\u0259li s\u00fcr\u00fcl\u00fcb.<\/p>\n<\/p><\/div>\n","protected":false},"excerpt":{"rendered":"<p>Avropa Komissiyas\u0131 Ursula fon der Lyayenin r\u0259hb\u0259rliyi alt\u0131nda yenid\u0259n Avropa Parlamentind\u0259 etimad s\u0259sverm\u0259si m\u0259s\u0259l\u0259si il\u0259 \u00fczl\u0259\u015f\u0259 bil\u0259r. APA<\/p>\n","protected":false},"author":1,"featured_media":39465,"comment_status":"","ping_status":"","sticky":false,"template":"","format":"standard","meta":{"footnotes":""},"categories":[18],"tags":[],"class_list":["post-39464","post","type-post","status-publish","format-standard","has-post-thumbnail","hentry","category-gundm"],"_links":{"self":[{"href":"https:\/\/rubin.az\/index.php?rest_route=\/wp\/v2\/posts\/39464","targetHints":{"allow":["GET"]}}],"collection":[{"href":"https:\/\/rubin.az\/index.php?rest_route=\/wp\/v2\/posts"}],"about":[{"href":"https:\/\/rubin.az\/index.php?rest_route=\/wp\/v2\/types\/post"}],"author":[{"embeddable":true,"href":"https:\/\/rubin.az\/index.php?rest_route=\/wp\/v2\/users\/1"}],"replies":[{"embeddable":true,"href":"https:\/\/rubin.az\/index.php?rest_route=%2Fwp%2Fv2%2Fcomments&post=39464"}],"version-history":[{"count":0,"href":"https:\/\/rubin.az\/index.php?rest_route=\/wp\/v2\/posts\/39464\/revisions"}],"wp:featuredmedia":[{"embeddable":true,"href":"https:\/\/rubin.az\/index.php?rest_route=\/wp\/v2\/media\/39465"}],"wp:attachment":[{"href":"https:\/\/rubin.az\/index.php?rest_route=%2Fwp%2Fv2%2Fmedia&parent=39464"}],"wp:term":[{"taxonomy":"category","embeddable":true,"href":"https:\/\/rubin.az\/index.php?rest_route=%2Fwp%2Fv2%2Fcategories&post=39464"},{"taxonomy":"post_tag","embeddable":true,"href":"https:\/\/rubin.az\/index.php?rest_route=%2Fwp%2Fv2%2Ftags&post=39464"}],"curies":[{"name":"wp","href":"https:\/\/api.w.org\/{rel}","templated":true}]}}