{"id":39462,"date":"2026-01-15T00:11:35","date_gmt":"2026-01-14T20:11:35","guid":{"rendered":"https:\/\/rubin.az\/?p=39462"},"modified":"2026-01-15T00:11:35","modified_gmt":"2026-01-14T20:11:35","slug":"danimarkanin-xin-bascisi-trampin-qrenlandiya-yaxinliginda-cin-h%c9%99rbi-movcudluguna-dair-iddialarini-t%c9%99kzib-edib","status":"publish","type":"post","link":"https:\/\/rubin.az\/?p=39462","title":{"rendered":"Danimarkan\u0131n X\u0130N ba\u015f\u00e7\u0131s\u0131 Tramp\u0131n Qrenlandiya yax\u0131nl\u0131\u011f\u0131nda \u00c7in h\u0259rbi m\u00f6vcudlu\u011funa dair iddialar\u0131n\u0131 t\u0259kzib edib"},"content":{"rendered":"<p><img decoding=\"async\" src=\"https:\/\/apa.az\/storage\/news\/2026\/january\/14\/resize\/6967f248966946967f2489669517684199126967f248966926967f24896693.webp\" \/><\/p>\n<div itemprop=\"articleBody\">\n<p>Danimarkan\u0131n xarici i\u015fl\u0259r naziri Lars L\u00f6kke Rasmussen AB\u015e Prezidenti Donald Tramp\u0131n Qrenlandiya sahill\u0259ri yax\u0131nl\u0131\u011f\u0131nda \u00c7in h\u0259rbi g\u0259mil\u0259rinin m\u00f6vcudlu\u011fu il\u0259 ba\u011fl\u0131 iddialar\u0131n\u0131 t\u0259kzib edib.<\/p>\n<p><a href=\"https:\/\/apa.az\" class=\"hyperlink\" target=\"_blank\">APA<\/a> x\u0259b\u0259r verir ki, o, bunu Va\u015finqtonda ke\u00e7iril\u0259n m\u0259tbuat konfrans\u0131nda bildirib.<\/p>\n<p>Nazirin s\u00f6zl\u0259rin\u0259 g\u00f6r\u0259, \u00c7inin H\u0259rbi D\u0259niz Q\u00fcvv\u0259l\u0259ri t\u0259xmin\u0259n son 10 il \u0259rzind\u0259 ada yax\u0131nl\u0131\u011f\u0131nda g\u00f6r\u00fcnm\u0259yib.<\/p>\n<p>Rasmussen qeyd edib ki, AB\u015e d\u00f6vl\u0259t katibi Marko Rubio v\u0259 vitse-prezident Ceyms Di Vensin i\u015ftirak\u0131 il\u0259 ke\u00e7iril\u0259n dan\u0131\u015f\u0131qlar t\u0259r\u0259fl\u0259r aras\u0131nda m\u00f6vqel\u0259rin m\u00fcbadil\u0259si \u00fc\u00e7\u00fcn yax\u015f\u0131 imkan yarad\u0131b.<\/p>\n<p>\u201cQrenlandiyan\u0131n xarici i\u015fl\u0259r naziri Vivian Motsfeldt \u00fc\u00e7\u00fcn d\u0259, m\u0259nim \u00fc\u00e7\u00fcn d\u0259 bu, yanl\u0131\u015f olan h\u0259min narrativi t\u0259kzib etm\u0259k bax\u0131m\u0131ndan \u0259la f\u00fcrs\u0259t oldu. Y\u0259ni guya Qrenlandiyan\u0131n \u0259traf\u0131nda h\u0259r yerd\u0259 \u00c7in h\u0259rbi g\u0259mil\u0259ri var. K\u0259\u015ffiyyat\u0131m\u0131z\u0131n m\u0259lumat\u0131na g\u00f6r\u0259, Qrenlandiya \u0259traf\u0131nda onlara t\u0259xmin\u0259n 10 ildir rast g\u0259linmir\u201d, \u2013 dey\u0259 nazir bildirib.<\/p>\n<\/p><\/div>\n","protected":false},"excerpt":{"rendered":"<p>Danimarkan\u0131n xarici i\u015fl\u0259r naziri Lars L\u00f6kke Rasmussen AB\u015e Prezidenti Donald Tramp\u0131n Qrenlandiya sahill\u0259ri yax\u0131nl\u0131\u011f\u0131nda \u00c7in h\u0259rbi g\u0259mil\u0259rinin m\u00f6vcudlu\u011fu<\/p>\n","protected":false},"author":1,"featured_media":39463,"comment_status":"","ping_status":"","sticky":false,"template":"","format":"standard","meta":{"footnotes":""},"categories":[18],"tags":[],"class_list":["post-39462","post","type-post","status-publish","format-standard","has-post-thumbnail","hentry","category-gundm"],"_links":{"self":[{"href":"https:\/\/rubin.az\/index.php?rest_route=\/wp\/v2\/posts\/39462","targetHints":{"allow":["GET"]}}],"collection":[{"href":"https:\/\/rubin.az\/index.php?rest_route=\/wp\/v2\/posts"}],"about":[{"href":"https:\/\/rubin.az\/index.php?rest_route=\/wp\/v2\/types\/post"}],"author":[{"embeddable":true,"href":"https:\/\/rubin.az\/index.php?rest_route=\/wp\/v2\/users\/1"}],"replies":[{"embeddable":true,"href":"https:\/\/rubin.az\/index.php?rest_route=%2Fwp%2Fv2%2Fcomments&post=39462"}],"version-history":[{"count":0,"href":"https:\/\/rubin.az\/index.php?rest_route=\/wp\/v2\/posts\/39462\/revisions"}],"wp:featuredmedia":[{"embeddable":true,"href":"https:\/\/rubin.az\/index.php?rest_route=\/wp\/v2\/media\/39463"}],"wp:attachment":[{"href":"https:\/\/rubin.az\/index.php?rest_route=%2Fwp%2Fv2%2Fmedia&parent=39462"}],"wp:term":[{"taxonomy":"category","embeddable":true,"href":"https:\/\/rubin.az\/index.php?rest_route=%2Fwp%2Fv2%2Fcategories&post=39462"},{"taxonomy":"post_tag","embeddable":true,"href":"https:\/\/rubin.az\/index.php?rest_route=%2Fwp%2Fv2%2Ftags&post=39462"}],"curies":[{"name":"wp","href":"https:\/\/api.w.org\/{rel}","templated":true}]}}