{"id":36807,"date":"2024-07-26T13:52:07","date_gmt":"2024-07-26T09:52:07","guid":{"rendered":"https:\/\/rubin.az\/?p=36807"},"modified":"2024-07-26T13:52:08","modified_gmt":"2024-07-26T09:52:08","slug":"millimiz-erm%c9%99nistana-qalib-g%c9%99lib-yarimfinala-cixdi","status":"publish","type":"post","link":"https:\/\/rubin.az\/?p=36807","title":{"rendered":"Millimiz Erm\u0259nistana qalib g\u0259lib yar\u0131mfinala \u00e7\u0131xd\u0131"},"content":{"rendered":"\n<p><strong>Az\u0259rbaycan\u0131n 18 ya\u015fad\u0259k o\u011flanlardan ibar\u0259t basketbol millisi Albaniyan\u0131n Elbasan \u015f\u0259h\u0259rind\u0259 ke\u00e7iril\u0259n Avropa \u00e7empionat\u0131n\u0131n C divizionunda Erm\u0259nistan\u0131 m\u0259\u011flub ed\u0259r\u0259k qrup lideri kimi yar\u0131mfinala y\u00fcks\u0259lib.<\/strong><\/p>\n\n\n\n<p>\u201cQafqazinfo\u201d x\u0259b\u0259r verir ki, millimiz B qrupundak\u0131 son mat\u00e7\u0131nda r\u0259qibin\u0259 76:69 hesab\u0131 il\u0259 qalib g\u0259lib.<\/p>\n\n\n\n<p>Qeyd ed\u0259k ki, y\u0131\u011fmam\u0131z\u0131n qrupda ilk r\u0259qibi Moldova olub. Anar Sar\u0131yevin yetirm\u0259l\u0259ri bu g\u00f6r\u00fc\u015fd\u0259 87:76 hesabl\u0131 q\u0259l\u0259b\u0259y\u0259 sevinibl\u0259r.<\/p>\n","protected":false},"excerpt":{"rendered":"<p>Az\u0259rbaycan\u0131n 18 ya\u015fad\u0259k o\u011flanlardan ibar\u0259t basketbol millisi Albaniyan\u0131n Elbasan \u015f\u0259h\u0259rind\u0259 ke\u00e7iril\u0259n Avropa \u00e7empionat\u0131n\u0131n C divizionunda Erm\u0259nistan\u0131 m\u0259\u011flub ed\u0259r\u0259k<\/p>\n","protected":false},"author":1,"featured_media":36809,"comment_status":"open","ping_status":"open","sticky":false,"template":"","format":"standard","meta":{"footnotes":""},"categories":[26],"tags":[],"class_list":["post-36807","post","type-post","status-publish","format-standard","has-post-thumbnail","hentry","category-idman"],"_links":{"self":[{"href":"https:\/\/rubin.az\/index.php?rest_route=\/wp\/v2\/posts\/36807","targetHints":{"allow":["GET"]}}],"collection":[{"href":"https:\/\/rubin.az\/index.php?rest_route=\/wp\/v2\/posts"}],"about":[{"href":"https:\/\/rubin.az\/index.php?rest_route=\/wp\/v2\/types\/post"}],"author":[{"embeddable":true,"href":"https:\/\/rubin.az\/index.php?rest_route=\/wp\/v2\/users\/1"}],"replies":[{"embeddable":true,"href":"https:\/\/rubin.az\/index.php?rest_route=%2Fwp%2Fv2%2Fcomments&post=36807"}],"version-history":[{"count":1,"href":"https:\/\/rubin.az\/index.php?rest_route=\/wp\/v2\/posts\/36807\/revisions"}],"predecessor-version":[{"id":36810,"href":"https:\/\/rubin.az\/index.php?rest_route=\/wp\/v2\/posts\/36807\/revisions\/36810"}],"wp:featuredmedia":[{"embeddable":true,"href":"https:\/\/rubin.az\/index.php?rest_route=\/wp\/v2\/media\/36809"}],"wp:attachment":[{"href":"https:\/\/rubin.az\/index.php?rest_route=%2Fwp%2Fv2%2Fmedia&parent=36807"}],"wp:term":[{"taxonomy":"category","embeddable":true,"href":"https:\/\/rubin.az\/index.php?rest_route=%2Fwp%2Fv2%2Fcategories&post=36807"},{"taxonomy":"post_tag","embeddable":true,"href":"https:\/\/rubin.az\/index.php?rest_route=%2Fwp%2Fv2%2Ftags&post=36807"}],"curies":[{"name":"wp","href":"https:\/\/api.w.org\/{rel}","templated":true}]}}