{"id":36598,"date":"2024-06-29T10:19:24","date_gmt":"2024-06-29T06:19:24","guid":{"rendered":"https:\/\/rubin.az\/?p=36598"},"modified":"2024-06-29T10:19:25","modified_gmt":"2024-06-29T06:19:25","slug":"qht-s%c9%99kid%c9%99-istedadlar-arasinda-musabiq%c9%99-kecirdi-foto","status":"publish","type":"post","link":"https:\/\/rubin.az\/?p=36598","title":{"rendered":"QHT \u015e\u0259kid\u0259 \u0130stedadlar aras\u0131nda m\u00fcsabiq\u0259 ke\u00e7irdi-FOTO"},"content":{"rendered":"\n<h3 class=\"wp-block-heading\"><strong>\u0130stedadlar\u0131 Tan\u0131yaq v\u0259 Tan\u0131daq \u0130B \u015e\u0259kid\u0259&nbsp;istedad m\u00fcsabiq\u0259si ke\u00e7irdi.<\/strong><\/h3>\n\n\n\n<h3 class=\"wp-block-heading\">\u201c\u0130stedadlar\u0131 Tan\u0131yaq v\u0259 Tan\u0131daq\u201c \u00a0\u0130ctimai Birliyi Qeyri H\u00f6kum\u0259t T\u0259\u015fkilatlar\u0131na D\u00f6vl\u0259t D\u0259st\u0259yi Agentliyinin Maliyy\u0259 D\u0259st\u0259yi il\u0259 \u201cRegionlarda istedadl\u0131 g\u0259ncl\u0259rin inki\u015faf\u0131na dair t\u0259dbirl\u0259r\u201d adl\u0131 layih\u0259ni icra edir. Layih\u0259 \u00e7\u0259r\u00e7iv\u0259sind\u0259 27 iyun 2024-c\u00fc il tarixind\u0259\u00a0 S.Vur\u011fun ad\u0131na \u015e\u0259ki \u015f\u0259h\u0259r Folklor evind\u0259 m\u00fcsabiq\u0259 ke\u00e7irildi. M\u00fcsabiq\u0259d\u0259 T\u0259\u015fkilat\u0131n \u0259m\u0259kda\u015flar\u0131 Narg\u00fcl Quliyeva, Ya\u015far Quliyev,\u00a0 \u00a0S.Vur\u011fun ad\u0131na \u015e\u0259ki \u015f\u0259h\u0259r Folklor evinin direktoru \u015eahmar \u018fs\u0259dov, \u015e\u0259ki \u015f\u0259h\u0259r M\u0259d\u0259niyy\u0259t m\u0259rk\u0259zinin direktoru C\u0259lilov A\u011f\u0259li, musiqi m\u0259kt\u0259bl\u0259rinin direktorlar\u0131, m\u00fc\u0259lliml\u0259r, u\u015faqlar v\u0259 valideynl\u0259r i\u015ftirak etdil\u0259r.<\/h3>\n\n\n\n<h3 class=\"wp-block-heading\">\u0130stedadlar\u0131 Tan\u0131yaq v\u0259 Tan\u0131daq \u0130B-nin s\u0259dri V\u00fcsal\u0259 Sad\u0131qova (Q\u0259l\u0259nd\u0259rli) \u00e7\u0131x\u0131\u015f ed\u0259r\u0259k rayon sakinl\u0259rini salamlay\u0131b v\u0259 bildirib ki, layih\u0259 \u00e7\u0259r\u00e7iv\u0259sind\u0259 regionlarda ya\u015fayan istedadl\u0131 u\u015faq v\u0259 g\u0259ncl\u0259r a\u015fkarlanacaq v\u0259 tan\u0131nmas\u0131 \u00fc\u00e7\u00fcn \u015f\u0259rait yarad\u0131lacaq. &#8221; D\u00f6vl\u0259timizin \u00e7ox g\u00f6z\u0259l g\u0259ncl\u0259r siyas\u0259ti var. Biz d\u0259 t\u0259\u015fkilat olaraq g\u0259ncl\u0259r siyas\u0259tini layiqinc\u0259 davam etdirm\u0259y\u0259 \u00e7al\u0131\u015f\u0131r\u0131q. Bu m\u0259qs\u0259dl\u0259 layih\u0259l\u0259rimzi yaln\u0131z Bak\u0131 \u015f\u0259h\u0259rind\u0259 deyil regionlar\u0131m\u0131zda da icra edirik. M\u00fcsabiq\u0259l\u0259r n\u0259tic\u0259sind\u0259 Regionlarda ya\u015fayan \u0130stedadl\u0131 u\u015faq v\u0259 g\u0259ncl\u0259r a\u015fkarlanacaq v\u0259 tan\u0131nmas\u0131 \u00fc\u00e7\u00fcn \u015f\u0259rait yarad\u0131lacaq. Onlarla davaml\u0131 v\u0259 uzunm\u00fcdd\u0259tli \u0259laq\u0259d\u0259 olaca\u011f\u0131q, onlar\u0131n daha \u00e7ox tan\u0131nmas\u0131 v\u0259 inki\u015faf\u0131 \u00fc\u00e7\u00fcn \u0259limizd\u0259n g\u0259l\u0259ni ed\u0259c\u0259yik. \u018fziz balalar, \u0259min olun ki, d\u00f6vl\u0259tin diqq\u0259t v\u0259 qay\u011f\u0131s\u0131n\u0131 h\u0259r zaman hiss ed\u0259c\u0259ksiniz, yet\u0259r ki, \u00f6z \u00fcz\u0259rinizd\u0259 \u00e7al\u0131\u015f\u0131n&#8221;-dey\u0259 t\u0259\u015fkilat s\u0259dri \u0259lav\u0259 edib. Daha sonra bir-birind\u0259n maraql\u0131 \u00e7\u0131x\u0131\u015flar olub. Sonda xatir\u0259 \u015f\u0259kli \u00e7\u0259kdirilib.<\/h3>\n\n\n\n<h3 class=\"wp-block-heading\">Qeyd ed\u0259k ki, birlik layih\u0259 \u00e7\u0259r\u00e7iv\u0259sind\u0259 daha sonra Ucar, \u00a0G\u0259d\u0259b\u0259y rayonu v\u0259 Bak\u0131da m\u00fcsabiq\u0259 ke\u00e7ir\u0259c\u0259k. Qalibl\u0259r Avqust ay\u0131nda Bak\u0131da h\u0259diyy\u0259 v\u0259 diplomla m\u00fckafatland\u0131r\u0131lacaq.<\/h3>\n\n\n\n<p><img decoding=\"async\" src=\"https:\/\/icxeberler.com\/uploads\/posts\/2024-06\/1719587091_1.jpg\" alt=\"\"><img decoding=\"async\" src=\"https:\/\/icxeberler.com\/uploads\/posts\/2024-06\/1719587121_449105326_1876502792810487_1744050151395321345_n.jpg\" alt=\"\"><br><img decoding=\"async\" src=\"https:\/\/icxeberler.com\/uploads\/posts\/2024-06\/1719587172_449130860_1876530449474388_8981573281399481997_n.jpg\" alt=\"\"><br><img decoding=\"async\" src=\"https:\/\/icxeberler.com\/uploads\/posts\/2024-06\/1719587176_449131677_1876530722807694_3079440787056388361_n.jpg\" alt=\"\"><br><img decoding=\"async\" src=\"https:\/\/icxeberler.com\/uploads\/posts\/2024-06\/1719587176_449132297_1876530396141060_8686355797791815894_n.jpg\" alt=\"\"><br><img decoding=\"async\" src=\"https:\/\/icxeberler.com\/uploads\/posts\/2024-06\/1719587103_449164707_1876529979474435_2511200291281947440_n.jpg\" alt=\"\"><br><img decoding=\"async\" src=\"https:\/\/icxeberler.com\/uploads\/posts\/2024-06\/1719587127_449172556_1876530286141071_6708608490611146353_n.jpg\" alt=\"\"><br><img decoding=\"async\" src=\"https:\/\/icxeberler.com\/uploads\/posts\/2024-06\/1719587114_449178558_1876530472807719_2634081422409394451_n.jpg\" alt=\"\"><br><img decoding=\"async\" src=\"https:\/\/icxeberler.com\/uploads\/posts\/2024-06\/1719587128_449185661_1876530126141087_3911919364795032165_n.jpg\" alt=\"\"><br><img decoding=\"async\" src=\"https:\/\/icxeberler.com\/uploads\/posts\/2024-06\/1719587145_449190942_1876530746141025_496274351717691220_n.jpg\" alt=\"\"><br><img decoding=\"async\" src=\"https:\/\/icxeberler.com\/uploads\/posts\/2024-06\/1719587119_449190984_1876530349474398_7146896096845197833_n.jpg\" alt=\"\"><br><img decoding=\"async\" src=\"https:\/\/icxeberler.com\/uploads\/posts\/2024-06\/1719587159_449191003_1876502842810482_1559651660284640165_n.jpg\" alt=\"\"><br><img decoding=\"async\" src=\"https:\/\/icxeberler.com\/uploads\/posts\/2024-06\/1719587178_449193539_1876530679474365_8026521258747989485_n.jpg\" alt=\"\"><br><img decoding=\"async\" src=\"https:\/\/icxeberler.com\/uploads\/posts\/2024-06\/1719587125_449400742_1876530242807742_4089923945604651412_n.jpg\" alt=\"\"><br><img decoding=\"async\" src=\"https:\/\/icxeberler.com\/uploads\/posts\/2024-06\/1719587130_449434736_1876530199474413_6002224268029791868_n.jpg\" alt=\"\"><br><img decoding=\"async\" src=\"https:\/\/icxeberler.com\/uploads\/posts\/2024-06\/1719587104_449435577_1876502762810490_6542027476197738971_n.jpg\" alt=\"\"><br><img decoding=\"async\" src=\"https:\/\/icxeberler.com\/uploads\/posts\/2024-06\/1719587111_449435927_1876502862810480_6282633395144542461_n.jpg\" alt=\"\"><\/p>\n","protected":false},"excerpt":{"rendered":"<p>\u0130stedadlar\u0131 Tan\u0131yaq v\u0259 Tan\u0131daq \u0130B \u015e\u0259kid\u0259&nbsp;istedad m\u00fcsabiq\u0259si ke\u00e7irdi. \u201c\u0130stedadlar\u0131 Tan\u0131yaq v\u0259 Tan\u0131daq\u201c \u00a0\u0130ctimai Birliyi Qeyri H\u00f6kum\u0259t T\u0259\u015fkilatlar\u0131na D\u00f6vl\u0259t<\/p>\n","protected":false},"author":1,"featured_media":36601,"comment_status":"open","ping_status":"open","sticky":false,"template":"","format":"standard","meta":{"footnotes":""},"categories":[21],"tags":[],"class_list":["post-36598","post","type-post","status-publish","format-standard","has-post-thumbnail","hentry","category-mdniyyt"],"_links":{"self":[{"href":"https:\/\/rubin.az\/index.php?rest_route=\/wp\/v2\/posts\/36598","targetHints":{"allow":["GET"]}}],"collection":[{"href":"https:\/\/rubin.az\/index.php?rest_route=\/wp\/v2\/posts"}],"about":[{"href":"https:\/\/rubin.az\/index.php?rest_route=\/wp\/v2\/types\/post"}],"author":[{"embeddable":true,"href":"https:\/\/rubin.az\/index.php?rest_route=\/wp\/v2\/users\/1"}],"replies":[{"embeddable":true,"href":"https:\/\/rubin.az\/index.php?rest_route=%2Fwp%2Fv2%2Fcomments&post=36598"}],"version-history":[{"count":1,"href":"https:\/\/rubin.az\/index.php?rest_route=\/wp\/v2\/posts\/36598\/revisions"}],"predecessor-version":[{"id":36602,"href":"https:\/\/rubin.az\/index.php?rest_route=\/wp\/v2\/posts\/36598\/revisions\/36602"}],"wp:featuredmedia":[{"embeddable":true,"href":"https:\/\/rubin.az\/index.php?rest_route=\/wp\/v2\/media\/36601"}],"wp:attachment":[{"href":"https:\/\/rubin.az\/index.php?rest_route=%2Fwp%2Fv2%2Fmedia&parent=36598"}],"wp:term":[{"taxonomy":"category","embeddable":true,"href":"https:\/\/rubin.az\/index.php?rest_route=%2Fwp%2Fv2%2Fcategories&post=36598"},{"taxonomy":"post_tag","embeddable":true,"href":"https:\/\/rubin.az\/index.php?rest_route=%2Fwp%2Fv2%2Ftags&post=36598"}],"curies":[{"name":"wp","href":"https:\/\/api.w.org\/{rel}","templated":true}]}}